{"id":24606,"date":"2025-10-20T17:44:56","date_gmt":"2025-10-20T22:44:56","guid":{"rendered":"https:\/\/softland.com\/co\/?p=24606"},"modified":"2025-10-20T17:44:58","modified_gmt":"2025-10-20T22:44:58","slug":"incremento-del-salario-minimo-en-colombia-2026","status":"publish","type":"post","link":"https:\/\/softland.com\/co\/incremento-del-salario-minimo-en-colombia-2026\/","title":{"rendered":"\u00bfCu\u00e1nto ser\u00e1 el incremento del salario m\u00ednimo en Colombia 2026? Recomendaciones para empresas\u00a0"},"content":{"rendered":"\n<p>El incremento del salario m\u00ednimo en Colombia 2026 es uno de los temas que m\u00e1s expectativa genera entre trabajadores, empresarios y el Gobierno Nacional. No es para menos: este ajuste <strong>define la base salarial de millones de colombianos y determina buena parte de los costos laborales de las compa\u00f1\u00edas<\/strong>.&nbsp;<\/p>\n\n\n\n<p>Para 2026, la expectativa vuelve a subir: muchos analistas ya hablan de un incremento significativo. En este contexto, <strong>las empresas deben anticipar no solo el porcentaje del aumento, sino tambi\u00e9n entender los factores que lo impulsan<\/strong>, c\u00f3mo afectar\u00e1 la contrataci\u00f3n y la gesti\u00f3n de n\u00f3mina, y qu\u00e9 pueden hacer para adaptarse.&nbsp;&nbsp;<\/p>\n\n\n\n<p>En este art\u00edculo analizamos a fondo el incremento del salario m\u00ednimo en Colombia 2026, qu\u00e9 se est\u00e1 proyectando, qu\u00e9 opinan los diferentes actores, y ofrecemos recomendaciones pr\u00e1cticas para que tu organizaci\u00f3n est\u00e9 preparada.&nbsp;<\/p>\n\n\n\n<p>Tambi\u00e9n te puede interesar: <em><a href=\"https:\/\/softland.com\/co\/proyecto-de-reforma-tributaria-2025-colombia\/\" target=\"_blank\" data-type=\"link\" data-id=\"https:\/\/softland.com\/co\/proyecto-de-reforma-tributaria-2025-colombia\/\" rel=\"noreferrer noopener\">Proyecto de Reforma Tributaria 2025: Lo que deben saber las empresas<\/a><\/em><\/p>\n\n\n\n<h2 class=\"wp-block-heading has-text-color has-link-color wp-elements-376eb65f65ba8df4b91d09c6ea79c423\" style=\"color:#0016b2\">\u00bfQu\u00e9 se sabe hasta ahora del incremento del salario m\u00ednimo en Colombia 2026?<\/h2>\n\n\n\n<p>Cada a\u00f1o, el aumento del salario m\u00ednimo se define en la <a href=\"https:\/\/www.mintrabajo.gov.co\/relaciones-laborales\/comision-permanente-de-concertacion\" target=\"_blank\" data-type=\"link\" data-id=\"https:\/\/www.mintrabajo.gov.co\/relaciones-laborales\/comision-permanente-de-concertacion\" rel=\"noreferrer noopener\">Comisi\u00f3n Permanente de Concertaci\u00f3n de Pol\u00edticas Salariales y Laborales<\/a>, donde participan representantes del Gobierno, los empresarios y las centrales obreras. Por ley, las partes deben intentar llegar a un acuerdo antes del <strong>15 de diciembre<\/strong>; si no lo logran, el Gobierno tiene hasta el <strong>30 de diciembre<\/strong> para expedir el decreto que fije el nuevo salario.&nbsp;<\/p>\n\n\n\n<p>Para este a\u00f1o, el debate ya se perfila como uno de los m\u00e1s complejos de los \u00faltimos tiempos. El contexto econ\u00f3mico, las metas de inflaci\u00f3n y la productividad nacional ser\u00e1n determinantes. Seg\u00fan el <a href=\"https:\/\/www.banrep.gov.co\/es\" target=\"_blank\" data-type=\"link\" data-id=\"https:\/\/www.banrep.gov.co\/es\" rel=\"noreferrer noopener\">Banco de la Rep\u00fablica<\/a>, la inflaci\u00f3n se ubica en torno al <strong>5 % anual<\/strong>, mientras que la meta del Gobierno es mantenerla bajo control sin frenar el crecimiento del poder adquisitivo.&nbsp;<\/p>\n\n\n\n<p>El ministro de Hacienda, Germ\u00e1n \u00c1vila, ha se\u00f1alado que la pol\u00edtica del Gobierno de Gustavo Petro seguir\u00e1 siendo <strong>aumentar el salario m\u00ednimo por encima de la inflaci\u00f3n<\/strong>, para mejorar el ingreso real de los trabajadores. Sin embargo, los gremios empresariales advierten que un incremento demasiado alto podr\u00eda tener efectos negativos sobre el empleo formal y la competitividad.<\/p>\n\n\n\n<h3 class=\"wp-block-heading has-text-color has-link-color has-medium-font-size wp-elements-31eb3113b132263ccf5a45a3a81f29e9\" style=\"color:#1ca5ea\">Entonces, \u00bfCu\u00e1nto podr\u00eda incrementar el salario m\u00ednimo en Colombia 2026?<\/h3>\n\n\n\n<p>Aunque la cifra final se conocer\u00e1 en diciembre, diferentes estudios econ\u00f3micos ya han planteado escenarios. El Banco de Bogot\u00e1 <a href=\"https:\/\/caracol.com.co\/2025\/09\/23\/cuanto-podria-subir-el-salario-minimo-en-2026-banco-de-bogota-revelo-informe\/\" target=\"_blank\" data-type=\"link\" data-id=\"https:\/\/caracol.com.co\/2025\/09\/23\/cuanto-podria-subir-el-salario-minimo-en-2026-banco-de-bogota-revelo-informe\/\" rel=\"noreferrer noopener\">proyecta que el salario m\u00ednimo podr\u00eda alcanzar los $1.600.000<\/a>, lo que representar\u00eda un <strong>incremento del 12,4 %<\/strong>, un aumento real superior al 7 % descontando la inflaci\u00f3n. Ser\u00eda uno de los incrementos m\u00e1s altos en cuatro d\u00e9cadas.&nbsp;<\/p>\n\n\n\n<p>Por otro lado, la <strong>Federaci\u00f3n Colombiana de Gesti\u00f3n Humana (ACRIP)<\/strong> advierte que, seg\u00fan una encuesta reciente, la mayor\u00eda de las empresas considera que el aumento <strong>no deber\u00eda superar el 7 %<\/strong>, debido a los costos que implicar\u00eda un ajuste mayor.&nbsp;<\/p>\n\n\n\n<p>Los sindicatos, en cambio, liderados por la <strong>Central Unitaria de Trabajadores (CUT)<\/strong>, han manifestado su intenci\u00f3n de proponer un incremento de <strong>dos d\u00edgitos<\/strong>, cercano al 10 % o m\u00e1s.&nbsp;<\/p>\n\n\n\n<p>El Gobierno, por su parte, podr\u00eda buscar una cifra intermedia, cercana al 11 %, lo que llevar\u00eda el salario a <strong>$1.580.000<\/strong> sin auxilio de transporte, y alrededor de <strong>$1.800.000<\/strong> con este incluido.<\/p>\n\n\n<div class=\"wp-block-image\">\n<figure class=\"aligncenter size-large\"><img fetchpriority=\"high\" decoding=\"async\" width=\"683\" height=\"1024\" src=\"https:\/\/softland.com\/co\/wp-content\/uploads\/sites\/15\/2025\/10\/Incremento-del-salario-minimo-en-Colombia-2026-683x1024.jpg\" alt=\"Incremento del salar\u00edo m\u00ednimo en Colombia 2026\" class=\"wp-image-24634\" srcset=\"https:\/\/softland.com\/co\/wp-content\/uploads\/sites\/15\/2025\/10\/Incremento-del-salario-minimo-en-Colombia-2026-683x1024.jpg 683w, https:\/\/softland.com\/co\/wp-content\/uploads\/sites\/15\/2025\/10\/Incremento-del-salario-minimo-en-Colombia-2026.jpg 1024w\" sizes=\"(max-width: 683px) 100vw, 683px\" \/><\/figure>\n<\/div>\n\n\n<h2 class=\"wp-block-heading has-text-align-center has-text-color has-link-color has-medium-font-size wp-elements-50d22d95982d963254137fd3c4c8a7f3\" style=\"color:#0016b2\">\ud83d\udcf2 <a href=\"https:\/\/web.whatsapp.com\/send?phone=573165388245&amp;text=*INTER%C3%89S:*%20_SOFTLAND%20HCM_%20(https:\/\/softland.com\/co\/blog)\" target=\"_blank\" data-type=\"link\" data-id=\"https:\/\/web.whatsapp.com\/send?phone=573165388245&amp;text=*INTER%C3%89S:*%20_SOFTLAND%20HCM_%20(https:\/\/softland.com\/co\/blog)\" rel=\"noreferrer noopener\">\u00a1Cont\u00e1ctanos y obt\u00e9n una asesor\u00eda gratuita aqu\u00ed!<\/a> \u2705<\/h2>\n\n\n\n<h2 class=\"wp-block-heading has-text-color has-link-color wp-elements-3a7e33e62907eb81b837207c94da8d81\" style=\"color:#0016b2\">Factores que determinar\u00e1n el incremento del salario m\u00ednimo en Colombia 2026<\/h2>\n\n\n\n<p>La ley colombiana (Ley 278 de 1996) establece cinco criterios clave que deben considerarse al definir el incremento del salario m\u00ednimo:<\/p>\n\n\n\n<ul class=\"wp-block-list\">\n<li><strong>Inflaci\u00f3n causada (IPC):<\/strong> el aumento debe, como m\u00ednimo, igualar el nivel de inflaci\u00f3n para no afectar el poder adquisitivo de los trabajadores.&nbsp;<\/li>\n\n\n\n<li><strong>Productividad laboral:<\/strong> si la productividad mejora, el aumento puede ser mayor; si se estanca, el margen de incremento se reduce.&nbsp;<\/li>\n\n\n\n<li><strong>Crecimiento del PIB:<\/strong> refleja la capacidad del pa\u00eds para absorber un aumento salarial sin poner en riesgo la estabilidad econ\u00f3mica.&nbsp;<\/li>\n\n\n\n<li><strong>Contribuci\u00f3n al ingreso nacional:<\/strong> busca que el ajuste sea equitativo frente a la distribuci\u00f3n de la riqueza.&nbsp;<\/li>\n\n\n\n<li><strong>Pol\u00edticas p\u00fablicas y contexto social:<\/strong> el Gobierno puede considerar metas sociales o coyunturas pol\u00edticas, como la reducci\u00f3n de la pobreza o el fortalecimiento del empleo formal.<\/li>\n<\/ul>\n\n\n\n<p>En este sentido, el <strong>incremento del salario m\u00ednimo en Colombia 2026<\/strong> no depende solo de c\u00e1lculos t\u00e9cnicos, sino tambi\u00e9n de factores sociales y pol\u00edticos.<\/p>\n\n\n\n<h2 class=\"wp-block-heading has-text-color has-link-color wp-elements-8f6911620c6b4df3122a758f54cf90c6\" style=\"color:#0016b2\">Recomendaciones para las empresas ante el incremento del salario m\u00ednimo 2026<\/h2>\n\n\n\n<p>Para una empresa que utiliza soluciones de RRHH, n\u00f3mina y procesos operativos, es clave anticipar y planificar. Aqu\u00ed tienes acciones concretas:<\/p>\n\n\n\n<ul class=\"wp-block-list\">\n<li><strong>Realizar un escenario de costos<\/strong>: calcular qu\u00e9 impacto tendr\u00e1 un alza del 9-12 % sobre la masa salarial, prestaciones, aportes y recargos.&nbsp;<\/li>\n\n\n\n<li><strong>Revisar presupuestos de contrataci\u00f3n y crecimiento<\/strong>: si se va a subir el salario m\u00ednimo, los costos por nuevas contrataciones, horas extra, recargos, pueden variar; ajustar los planes de expansi\u00f3n.&nbsp;<\/li>\n\n\n\n<li><strong>Analizar estructura de n\u00f3mina y beneficios<\/strong>: quiz\u00e1 convenga revisar rangos salariales, incentivos, composici\u00f3n (salario b\u00e1sico vs. variables) para mantener competitividad.&nbsp;<\/li>\n\n\n\n<li><strong>Optimizar procesos de n\u00f3mina y RRHH<\/strong>: usar software especializado (como los de Softland) permite automatizar c\u00e1lculos, simular escenarios, asegurar cumplimiento legal y reducir errores. Esto es vital cuando hay cambios normativos.&nbsp;<\/li>\n\n\n\n<li><strong>Capacitar al departamento de Recursos Humanos<\/strong>: asegurar que el equipo est\u00e9 al tanto de las negociaciones, fechas clave (la mesa de concertaci\u00f3n culmina a fines de diciembre) y requisitos legales.&nbsp;<\/li>\n\n\n\n<li><strong>Comunicar internamente con claridad<\/strong>: los colaboradores valoran transparencia; explicar los ajustes, cu\u00e1ndo entran en vigencia y c\u00f3mo impactan.&nbsp;<\/li>\n\n\n\n<li><strong>Mantener flexibilidad operativa<\/strong>: prever que el incremento puede afectar contrataci\u00f3n de informalidad, rotaci\u00f3n o estructuras de jornada; adaptar pol\u00edticas para mitigar riesgos.&nbsp;<\/li>\n\n\n\n<li><strong>Monitorear variables macroecon\u00f3micas<\/strong>: inflaci\u00f3n, productividad, crecimiento, negociaciones sindicales \u2014 estas variables pueden cambiar el porcentaje final del aumento.<\/li>\n<\/ul>\n\n\n\n<p>Tambi\u00e9n puedes leer: <em><a href=\"https:\/\/softland.com\/co\/retencion-en-la-fuente-en-colombia\/\" target=\"_blank\" data-type=\"link\" data-id=\"https:\/\/softland.com\/co\/retencion-en-la-fuente-en-colombia\/\" rel=\"noreferrer noopener\">Retenci\u00f3n en la fuente en Colombia: Gu\u00eda pr\u00e1ctica para empresas en 2025<\/a><\/em><\/p>\n\n\n\n<h2 class=\"wp-block-heading has-text-color has-link-color wp-elements-e2adeb87c1d1d02516218c9d999116e0\" style=\"color:#0016b2\">\u00bfC\u00f3mo ha sido el comportamiento del salario m\u00ednimo en los \u00faltimos a\u00f1os?<\/h2>\n\n\n\n<p>Para entender las proyecciones de 2026, vale la pena revisar c\u00f3mo ha evolucionado el salario m\u00ednimo en la \u00faltima d\u00e9cada. Durante este periodo, los incrementos han tenido una tendencia ascendente, especialmente desde 2022:<\/p>\n\n\n\n<ul class=\"wp-block-list\">\n<li>2022: aumento del 10,7 % \u2192 $1.000.000&nbsp;<\/li>\n\n\n\n<li>2023: aumento del 16 % \u2192 $1.160.000&nbsp;<\/li>\n\n\n\n<li>2024: aumento del 12 % \u2192 $1.300.000&nbsp;<\/li>\n\n\n\n<li>2025: aumento del 9,53 % \u2192 $1.423.500<\/li>\n<\/ul>\n\n\n\n<p>Como puede verse, el actual gobierno ha mantenido una pol\u00edtica de incrementos por encima de la inflaci\u00f3n, lo que refuerza la expectativa de que el <strong>aumento de 2026<\/strong> tambi\u00e9n sea de <strong>dos d\u00edgitos<\/strong>.<\/p>\n\n\n\n<figure class=\"wp-block-image size-large\"><img decoding=\"async\" width=\"1024\" height=\"683\" src=\"https:\/\/softland.com\/co\/wp-content\/uploads\/sites\/15\/2025\/10\/Incremento-del-salario-minimo-en-Colombia-2026-para-empresas-1024x683.png\" alt=\"Incremento del salario m\u00ednimo en Colombia 2026 para empresas\" class=\"wp-image-24640\" srcset=\"https:\/\/softland.com\/co\/wp-content\/uploads\/sites\/15\/2025\/10\/Incremento-del-salario-minimo-en-Colombia-2026-para-empresas-1024x683.png 1024w, https:\/\/softland.com\/co\/wp-content\/uploads\/sites\/15\/2025\/10\/Incremento-del-salario-minimo-en-Colombia-2026-para-empresas.png 1536w\" sizes=\"(max-width: 1024px) 100vw, 1024px\" \/><\/figure>\n\n\n\n<h2 class=\"wp-block-heading has-text-align-center has-text-color has-link-color has-medium-font-size wp-elements-74309f663ebd2aed73bafda62868cabb\" style=\"color:#0016b2\">\u2705 <a href=\"https:\/\/web.whatsapp.com\/send?phone=573165388245&amp;text=*INTER%C3%89S:*%20_SOFTLAND%20HCM_%20(https:\/\/softland.com\/co\/blog)\" target=\"_blank\" data-type=\"link\" data-id=\"https:\/\/web.whatsapp.com\/send?phone=573165388245&amp;text=*INTER%C3%89S:*%20_SOFTLAND%20HCM_%20(https:\/\/softland.com\/co\/blog)\" rel=\"noreferrer noopener\">\u00a1Escr\u00edbenos y obt\u00e9n una asesor\u00eda gratuita para tu n\u00f3mina!<\/a> \ud83d\udcf2<\/h2>\n\n\n\n<h2 class=\"wp-block-heading has-text-color has-link-color wp-elements-123ad0cca65df6f6649e98fd3507fd00\" style=\"color:#0016b2\">Preguntas frecuentes sobre el incremento del salario m\u00ednimo en Colombia 2026<\/h2>\n\n\n\n<h3 class=\"wp-block-heading has-text-color has-link-color has-medium-font-size wp-elements-197853f78282aad5d241d005b2ce228c\" style=\"color:#1ca5ea\">\u00bfCu\u00e1nto podr\u00eda subir el salario m\u00ednimo en 2026?<\/h3>\n\n\n\n<p>Las proyecciones apuntan a un aumento entre el <strong>10 % y el 12 %<\/strong>, lo que dejar\u00eda el salario en torno a <strong>$1.550.000 \u2013 $1.600.000<\/strong> sin auxilio de transporte. Sin embargo, esta cifra no est\u00e1 definida a\u00fan y depender\u00e1 de la negociaci\u00f3n entre Gobierno, empresas y trabajadores.<\/p>\n\n\n\n<h3 class=\"wp-block-heading has-text-color has-link-color has-medium-font-size wp-elements-bd836706c30ff9fb86965c77ca5282be\" style=\"color:#1ca5ea\">\u00bfCu\u00e1nto es el salario m\u00ednimo actual en Colombia?<\/h3>\n\n\n\n<p>En 2025, el salario m\u00ednimo es de <strong>$1.423.500<\/strong>, m\u00e1s <strong>$200.000<\/strong> de auxilio de transporte, para un total de <strong>$1.623.500<\/strong>.<\/p>\n\n\n\n<h3 class=\"wp-block-heading has-text-color has-link-color has-medium-font-size wp-elements-5238ee7c4c937835e135d9eb1a3d41f9\" style=\"color:#1ca5ea\">\u00bfCu\u00e1ndo se define el nuevo salario m\u00ednimo?<\/h3>\n\n\n\n<p>La negociaci\u00f3n se realiza en diciembre. Si no hay acuerdo antes del <strong>30 de diciembre del 2025<\/strong>, el Gobierno fija el aumento por decreto.<\/p>\n\n\n\n<h3 class=\"wp-block-heading has-text-color has-link-color has-medium-font-size wp-elements-975ee2e006d08f226d0e46a7405ef994\" style=\"color:#1ca5ea\">\u00bfQui\u00e9n decide el incremento del salario m\u00ednimo?<\/h3>\n\n\n\n<p>El ajuste se define en la <strong>Comisi\u00f3n Permanente de Concertaci\u00f3n<\/strong> entre el Gobierno, los empresarios y los sindicatos.<\/p>\n\n\n\n<h3 class=\"wp-block-heading has-text-color has-link-color has-medium-font-size wp-elements-98efc8d8d8acefdf558fcc8fc1eed321\" style=\"color:#1ca5ea\">\u00bfQu\u00e9 factores influyen en el aumento del salario m\u00ednimo?<\/h3>\n\n\n\n<p>La inflaci\u00f3n, la productividad laboral, el crecimiento del PIB, la meta de inflaci\u00f3n y el ingreso nacional.<\/p>\n\n\n\n<h3 class=\"wp-block-heading has-text-color has-link-color has-medium-font-size wp-elements-1343d81d64e12f736cf6f69f696c967e\" style=\"color:#1ca5ea\">\u00bfQu\u00e9 dice el Gobierno sobre el aumento para 2026?<\/h3>\n\n\n\n<p>El ministro de Hacienda ha dicho que el incremento ser\u00e1 <strong>superior a la inflaci\u00f3n<\/strong>, siguiendo la pol\u00edtica del presidente Gustavo Petro.&nbsp;<\/p>\n\n\n\n<h3 class=\"wp-block-heading has-text-color has-link-color has-medium-font-size wp-elements-10583587409906636ec825af8d8b0e06\" style=\"color:#1ca5ea\">\u00bfQu\u00e9 opinan los empresarios?<\/h3>\n\n\n\n<p>Los gremios empresariales piden prudencia y sugieren que el aumento no supere el <strong>7 %<\/strong>, para evitar mayor informalidad y costos laborales.<\/p>\n\n\n\n<h3 class=\"wp-block-heading has-text-color has-link-color has-medium-font-size wp-elements-12fe54b0ce7086d6a839d99a31df9d0f\" style=\"color:#1ca5ea\">\u00bfQu\u00e9 proponen los sindicatos?<\/h3>\n\n\n\n<p>Las centrales obreras aspiran a un <strong>aumento de dos d\u00edgitos<\/strong>, cercano al <strong>10 % o m\u00e1s<\/strong>.<\/p>\n\n\n\n<h3 class=\"wp-block-heading has-text-color has-link-color has-medium-font-size wp-elements-559ef6c479c6920d994d466a722932d0\" style=\"color:#1ca5ea\">\u00bfPor qu\u00e9 suele aumentar m\u00e1s el salario m\u00ednimo en el \u00faltimo a\u00f1o de gobierno?<\/h3>\n\n\n\n<p>Hist\u00f3ricamente, los \u00faltimos a\u00f1os de cada mandato registran incrementos m\u00e1s altos por decisiones pol\u00edticas y sociales.<\/p>\n\n\n\n<h3 class=\"wp-block-heading has-text-color has-link-color has-medium-font-size wp-elements-6e24b4211db6523d6c376818f66b951f\" style=\"color:#1ca5ea\">\u00bfQu\u00e9 pasar\u00eda si el aumento es menor a la inflaci\u00f3n?<\/h3>\n\n\n\n<p>Ser\u00eda inconstitucional, porque afectar\u00eda el poder adquisitivo y el derecho al m\u00ednimo vital.<\/p>\n\n\n\n<h3 class=\"wp-block-heading has-text-color has-link-color has-medium-font-size wp-elements-337a37acf7224c9e5d5a0a636ba876a7\" style=\"color:#1ca5ea\">\u00bfQu\u00e9 consecuencias tendr\u00eda un aumento muy alto?<\/h3>\n\n\n\n<p>Podr\u00eda elevar los costos laborales, reducir la contrataci\u00f3n formal y aumentar la informalidad.<\/p>\n\n\n\n<h3 class=\"wp-block-heading has-text-color has-link-color has-medium-font-size wp-elements-968594fc2245bec3ffcdab545d0fa624\" style=\"color:#1ca5ea\">\u00bfC\u00f3mo afecta el aumento del salario m\u00ednimo a las empresas?<\/h3>\n\n\n\n<p>Impacta la n\u00f3mina, prestaciones, aportes a seguridad social y estructuras salariales internas.<\/p>\n\n\n\n<h3 class=\"wp-block-heading has-text-color has-link-color has-medium-font-size wp-elements-c9282fe2104ef4ee513e686ea1d7b4f3\" style=\"color:#1ca5ea\">\u00bfCu\u00e1nto sube el auxilio de transporte con el nuevo salario m\u00ednimo?<\/h3>\n\n\n\n<p>Generalmente aumenta en el mismo porcentaje que el salario m\u00ednimo.<\/p>\n\n\n\n<h3 class=\"wp-block-heading has-text-color has-link-color has-medium-font-size wp-elements-502127ff0d7d65b6b5305fd968f7639a\" style=\"color:#1ca5ea\">\u00bfQu\u00e9 recomiendan los expertos a las empresas?<\/h3>\n\n\n\n<p>Anticipar escenarios, revisar bandas salariales y planificar presupuestos antes del cierre del a\u00f1o.<\/p>\n\n\n\n<h3 class=\"wp-block-heading has-text-color has-link-color has-medium-font-size wp-elements-e7f0d4de9619a7fe020d6611c269529d\" style=\"color:#1ca5ea\">\u00bfQu\u00e9 herramientas ayudan a gestionar el cambio salarial?<\/h3>\n\n\n\n<p>Un <strong>software de n\u00f3mina y RRHH<\/strong>, como el de <strong>Softland<\/strong>, permite automatizar ajustes, simular escenarios y asegurar cumplimiento legal.<\/p>\n\n\n\n<h3 class=\"wp-block-heading has-text-color has-link-color has-medium-font-size wp-elements-5158a370bee0c4a052a254baf0375534\" style=\"color:#1ca5ea\">\u00bfCu\u00e1ndo entrar\u00e1 en vigor el nuevo salario m\u00ednimo?<\/h3>\n\n\n\n<p>El <strong>1 de enero de 2026<\/strong>.<\/p>\n\n\n\n<h3 class=\"wp-block-heading has-text-color has-link-color has-medium-font-size wp-elements-11a73554d1e04754f0db8ae4a94e245d\" style=\"color:#1ca5ea\">\u00bfQu\u00e9 relaci\u00f3n hay entre inflaci\u00f3n y salario m\u00ednimo?<\/h3>\n\n\n\n<p>Por ley, el salario m\u00ednimo debe subir <strong>al menos igual a la inflaci\u00f3n<\/strong>, para proteger el poder adquisitivo.<\/p>\n\n\n\n<h3 class=\"wp-block-heading has-text-color has-link-color has-medium-font-size wp-elements-c276a2d8a03a150a90149f40ae8917ef\" style=\"color:#1ca5ea\">\u00bfQu\u00e9 sectores podr\u00edan verse m\u00e1s afectados por un aumento alto?<\/h3>\n\n\n\n<p>Las <strong>MiPymes<\/strong>, el comercio, transporte, miner\u00eda y turismo, por su alta carga laboral.<\/p>\n\n\n\n<p>Te puede interesar: <em><a href=\"https:\/\/softland.com\/co\/cambios-de-la-nueva-reforma-laboral-2025-empresas\/\" target=\"_blank\" data-type=\"link\" data-id=\"https:\/\/softland.com\/co\/cambios-de-la-nueva-reforma-laboral-2025-empresas\/\" rel=\"noreferrer noopener\">Cambios de la reforma laboral 2025: \u00bfC\u00f3mo cambia el juego para las empresas?<\/a><\/em><\/p>\n\n\n\n<h2 class=\"wp-block-heading has-text-color has-link-color wp-elements-4893cd4d20f2b98958c652f9b20009bc\" style=\"color:#0016b2\">Automatiza tu n\u00f3mina y ad\u00e1ptate a los cambios<\/h2>\n\n\n\n<p>En <strong>Softland<\/strong> sabemos que los ajustes salariales no son solo una cifra en el papel: representan un cambio profundo en la gesti\u00f3n de talento, costos y productividad.&nbsp;<\/p>\n\n\n\n<p>Nuestro <strong>software de Recursos Humanos y N\u00f3mina<\/strong> est\u00e1 dise\u00f1ado para que las empresas colombianas puedan adaptarse f\u00e1cilmente a los cambios legales y econ\u00f3micos. Con \u00e9l, puedes <strong>simular incrementos<\/strong>, <strong>ajustar autom\u00e1ticamente los valores salariales<\/strong> y <strong>cumplir con las disposiciones laborales vigentes<\/strong>, sin complicaciones ni reprocesos.&nbsp;<\/p>\n\n\n\n<p>Adem\u00e1s, la soluci\u00f3n de Softland integra toda la informaci\u00f3n de tus colaboradores en una sola plataforma, lo que te permite tomar decisiones informadas y mantener un control total sobre la n\u00f3mina, los aportes y los reportes legales. <a href=\"https:\/\/web.whatsapp.com\/send?phone=573165388245&amp;text=*INTER%C3%89S:*%20_SOFTLAND%20HCM_%20(https:\/\/softland.com\/co\/blog)\" target=\"_blank\" data-type=\"link\" data-id=\"https:\/\/web.whatsapp.com\/send?phone=573165388245&amp;text=*INTER%C3%89S:*%20_SOFTLAND%20HCM_%20(https:\/\/softland.com\/co\/blog)\" rel=\"noreferrer noopener\">Cont\u00e1ctanos y obt\u00e9n una asesor\u00eda gratuita para tu empresa<\/a>.<\/p>\n\n\n\n<p><\/p>\n","protected":false},"excerpt":{"rendered":"<p>El incremento del salario m\u00ednimo en Colombia 2026 es uno de los temas que m\u00e1s expectativa genera entre trabajadores, empresarios y el Gobierno Nacional. No [&hellip;]<\/p>\n","protected":false},"author":18,"featured_media":24639,"comment_status":"closed","ping_status":"closed","sticky":false,"template":"","format":"standard","meta":{"_acf_changed":false,"footnotes":""},"categories":[6],"tags":[157,61,63,67,68,165],"class_list":["post-24606","post","type-post","status-publish","format-standard","has-post-thumbnail","hentry","category-noticias","tag-gestion-del-talento-humano","tag-recursos-humanos","tag-rrhh","tag-softlandcolombia","tag-softlandhcm","tag-software-de-nomina"],"acf":[],"_links":{"self":[{"href":"https:\/\/softland.com\/co\/wp-json\/wp\/v2\/posts\/24606","targetHints":{"allow":["GET"]}}],"collection":[{"href":"https:\/\/softland.com\/co\/wp-json\/wp\/v2\/posts"}],"about":[{"href":"https:\/\/softland.com\/co\/wp-json\/wp\/v2\/types\/post"}],"author":[{"embeddable":true,"href":"https:\/\/softland.com\/co\/wp-json\/wp\/v2\/users\/18"}],"replies":[{"embeddable":true,"href":"https:\/\/softland.com\/co\/wp-json\/wp\/v2\/comments?post=24606"}],"version-history":[{"count":28,"href":"https:\/\/softland.com\/co\/wp-json\/wp\/v2\/posts\/24606\/revisions"}],"predecessor-version":[{"id":24643,"href":"https:\/\/softland.com\/co\/wp-json\/wp\/v2\/posts\/24606\/revisions\/24643"}],"wp:featuredmedia":[{"embeddable":true,"href":"https:\/\/softland.com\/co\/wp-json\/wp\/v2\/media\/24639"}],"wp:attachment":[{"href":"https:\/\/softland.com\/co\/wp-json\/wp\/v2\/media?parent=24606"}],"wp:term":[{"taxonomy":"category","embeddable":true,"href":"https:\/\/softland.com\/co\/wp-json\/wp\/v2\/categories?post=24606"},{"taxonomy":"post_tag","embeddable":true,"href":"https:\/\/softland.com\/co\/wp-json\/wp\/v2\/tags?post=24606"}],"curies":[{"name":"wp","href":"https:\/\/api.w.org\/{rel}","templated":true}]}}