{"id":22494,"date":"2025-07-15T16:37:10","date_gmt":"2025-07-15T22:37:10","guid":{"rendered":"https:\/\/softland.com\/co\/?p=22494"},"modified":"2025-07-16T10:12:31","modified_gmt":"2025-07-16T16:12:31","slug":"nueva-jornada-laboral-en-2025","status":"publish","type":"post","link":"https:\/\/softland.com\/co\/nueva-jornada-laboral-en-2025\/","title":{"rendered":"Nueva jornada laboral en 2025: reducci\u00f3n a 44 horas semanales"},"content":{"rendered":"\n<p>Este 15 de julio se presentar\u00e1 una reducci\u00f3n en la cantidad de horas laborales en Colombia, pasando de 46 a 44 horas semanales. Esta nueva jornada laboral en 2025 <strong>no deber\u00e1 afectar el salario ni los derechos adquiridos<\/strong> por parte de los empleados.&nbsp;<\/p>\n\n\n\n<p>Esta medida busca dar cumplimiento a la <a href=\"https:\/\/www.funcionpublica.gov.co\/eva\/gestornormativo\/norma.php?i=166506\" target=\"_blank\" rel=\"noreferrer noopener\">Ley 2101 de 2021<\/a> y <strong>hace parte de un proceso progresivo que comenz\u00f3 en 2023<\/strong> (48 horas) y finalizar\u00e1 en el 2026 (42 horas). Aunque se trata de una noticia positiva para miles de trabajadores, tambi\u00e9n <strong>implica retos para las organizaciones<\/strong>, principalmente para lo relacionado con la gesti\u00f3n de n\u00f3mina, turnos de trabajo y costos laborales.<\/p>\n\n\n\n<h2 class=\"wp-block-heading has-text-color has-link-color wp-elements-09dcd7fec018e0535a6a459aa0c64305\" style=\"color:#0016b2\">\u00bfCu\u00e1ndo empieza a regir la nueva reforma laboral en 2025?<\/h2>\n\n\n\n<p>La reducci\u00f3n de la jornada laboral en Colombia se ha implementado en cuatro etapas, seg\u00fan lo estipulado en la Ley 2101. En el 2023, se redujeron de 48 a 47 horas semanales y en el 2024 pas\u00f3 de 47 a 46 horas. <strong>Para 2025, corresponde la tercera etapa en la que la jornada laboral se ajusta a un total de 44 horas semanales<\/strong>.&nbsp;<\/p>\n\n\n\n<p>En julio de<strong> 2026 se ejecutar\u00e1 la \u00faltima etapa en la que se pasar\u00e1 de 44 a 42 horas laborales por semana<\/strong>. Vale la pena recordar que esta Ley busca acercar el entorno laboral colombiano a los est\u00e1ndares internacionales, promoviendo el equilibrio entre vida personal y trabajo.<\/p>\n\n\n\n<figure class=\"wp-block-image size-large\"><img fetchpriority=\"high\" decoding=\"async\" width=\"1024\" height=\"682\" src=\"https:\/\/softland.com\/co\/wp-content\/uploads\/sites\/15\/2025\/07\/jornada-laboral-2025-Colombia-1024x682.png\" alt=\"\" class=\"wp-image-22523\" srcset=\"https:\/\/softland.com\/co\/wp-content\/uploads\/sites\/15\/2025\/07\/jornada-laboral-2025-Colombia-1024x682.png 1024w, https:\/\/softland.com\/co\/wp-content\/uploads\/sites\/15\/2025\/07\/jornada-laboral-2025-Colombia.png 1538w\" sizes=\"(max-width: 1024px) 100vw, 1024px\" \/><\/figure>\n\n\n\n<h2 class=\"wp-block-heading has-text-align-center has-medium-font-size\"><a href=\"https:\/\/web.whatsapp.com\/send?phone=573165388245&amp;text=*INTER%C3%89S:*%20_SOFTLAND%20HCM_%20(https:\/\/softland.com\/co\/blog)\" target=\"_blank\" rel=\"noreferrer noopener\">\ud83d\udcf2 \u00a1Agenda una asesor\u00eda sin costo y conoce c\u00f3mo potenciar tu negocio! \u2705<\/a><\/h2>\n\n\n\n<h2 class=\"wp-block-heading has-text-color has-link-color wp-elements-1f195079c8d09cc9c322389d8b0febb8\" style=\"color:#0016b2\">\u00bfA qui\u00e9nes aplica la reducci\u00f3n de jornada laboral?<\/h2>\n\n\n\n<p>Este beneficio <strong>aplica para todos los trabajadores del sector p\u00fablico y privado que est\u00e9n vinculados mediante contrato laboral<\/strong>, sin importar su cargo o antig\u00fcedad. Sin embargo, existen algunas excepciones, como por ejemplo, aquellos empleados que desempe\u00f1an funciones de direcci\u00f3n, confianza o manejo y que pueden tener jornadas&nbsp; distintas por la naturaleza de sus responsabilidades.<\/p>\n\n\n\n<p>De la misma manera, los <strong>j\u00f3venes entre 15 y 17 a\u00f1os que est\u00e1n legalmente autorizados para trabajar solo podr\u00e1n laborar en el d\u00eda y hasta un m\u00e1ximo de seis horas diarias<\/strong> y 30 semanales. Aquellos con 17 a\u00f1os pueden trabajar hasta 8 horas diarias y 40 semanales, con horario m\u00e1ximo hasta las 8:00 p.m.<\/p>\n\n\n\n<h2 class=\"wp-block-heading has-text-color has-link-color wp-elements-5240f52cb09740db6e0269d1e50485d7\" style=\"color:#0016b2\">\u00bfQu\u00e9 sucede con el salario y las horas extras?<\/h2>\n\n\n\n<p>Uno de los pilares de la nueva jornada laboral en 2025 es que <strong>no se deber\u00e1 ver afectado de ninguna manera el salario<\/strong>. Es decir, los empleados deber\u00e1n recibir la misma remuneraci\u00f3n aunque trabajen 44 horas semanales.&nbsp;<\/p>\n\n\n\n<p>En caso que el empleado trabaje m\u00e1s all\u00e1 de las 44 horas estipuladas, <strong>estas horas deber\u00e1n ser tenidas en cuenta como horas extra y deber\u00e1n pagarse como tal<\/strong>, de acuerdo a la normatividad vigente.<\/p>\n\n\n\n<h3 class=\"wp-block-heading has-text-color has-link-color has-medium-font-size wp-elements-05203b0ced10f8beb0bdfc204fc9985f\" style=\"color:#1ca5ea\">\u00bfEn cu\u00e1nto queda el recargo nocturno y dominical en 2025?<\/h3>\n\n\n\n<p>Hasta la publicaci\u00f3n de este art\u00edculo no ha entrado en vigencia la <a href=\"https:\/\/softland.com\/co\/cambios-de-la-nueva-reforma-laboral-2025-empresas\/\" target=\"_blank\" rel=\"noreferrer noopener\">reforma laboral<\/a> que busca instaurar el recargo nocturno desde las 7:00 p.m. Por ahora, <strong>el recargo nocturno se sigue aplicando desde las 9:00 p.m. hasta las 6:00 p.m. <\/strong>y tiene un valor de $12.780 por hora nocturna trabajada.<\/p>\n\n\n\n<p><strong>El recargo dominical viene aumentando progresivamente<\/strong>: en 2025 se aplicar\u00e1 un 80% al valor de la hora, en 2026 un 90% y en 2027 un 100%. Esto quiere decir que el valor de la hora trabajada con esta reducci\u00f3n ser\u00eda de $7.518 y de $12.780 con recargo nocturno, teniendo en cuenta que el salario m\u00ednimo con prestaciones es de aproximadamente $2.135.000.<\/p>\n\n\n\n<h3 class=\"wp-block-heading has-text-color has-link-color has-medium-font-size wp-elements-4e099602385b24fbb15d07fa20968716\" style=\"color:#1ca5ea\">\u00bfLa hora de almuerzo cuenta como parte de la jornada laboral?<\/h3>\n\n\n\n<p>Seg\u00fan el <a href=\"https:\/\/www.mintrabajo.gov.co\/web\/guest\/inicio\" target=\"_blank\" data-type=\"link\" data-id=\"https:\/\/www.mintrabajo.gov.co\/web\/guest\/inicio\" rel=\"noreferrer noopener\">Ministerio de Trabajo<\/a>, la hora de<strong> almuerzo no hace parte de la jornada laboral y no se incluye dentro de este c\u00e1lculo<\/strong>. Este tiempo de descanso puede oscilar entre los 45 y 60 minutos de acuerdo con lo convenido entre el empleador y el trabajador.<\/p>\n\n\n\n<p>Este aspecto es importante para las empresas que manejan turnos rotativos o personal por horas, ya que puede incidir en el <a href=\"https:\/\/softland.com\/co\/productos\/softland-rrhh\/control-de-asistencia\/\" target=\"_blank\" rel=\"noreferrer noopener\">control de asistencia<\/a>.<\/p>\n\n\n\n<figure class=\"wp-block-image size-large\"><img decoding=\"async\" width=\"1024\" height=\"683\" src=\"https:\/\/softland.com\/co\/wp-content\/uploads\/sites\/15\/2025\/07\/Nueva-jornada-laboral-colombia-2025-1024x683.png\" alt=\"Nueva-jornada-laboral-en- 2025-colombia\" class=\"wp-image-22505\" srcset=\"https:\/\/softland.com\/co\/wp-content\/uploads\/sites\/15\/2025\/07\/Nueva-jornada-laboral-colombia-2025-1024x683.png 1024w, https:\/\/softland.com\/co\/wp-content\/uploads\/sites\/15\/2025\/07\/Nueva-jornada-laboral-colombia-2025.png 1536w\" sizes=\"(max-width: 1024px) 100vw, 1024px\" \/><\/figure>\n\n\n\n<h2 class=\"wp-block-heading has-text-align-center has-medium-font-size\"><a href=\"https:\/\/web.whatsapp.com\/send?phone=573165388245&amp;text=*INTER%C3%89S:*%20_SOFTLAND%20HCM_%20(https:\/\/softland.com\/co\/blog)\" target=\"_blank\" rel=\"noreferrer noopener\">\ud83d\udcf2 \u00a1Agenda una asesor\u00eda sin costo y conoce c\u00f3mo potenciar tu negocio! \u2705<\/a><\/h2>\n\n\n\n<h2 class=\"wp-block-heading has-text-color has-link-color wp-elements-4d1bb14baee215ecdfe5ddb38901c2cb\" style=\"color:#0016b2\">\u00bfQu\u00e9 pasa si la empresa no aplica la reducci\u00f3n laboral?<\/h2>\n\n\n\n<p>Las empresas que incumplan lo designado en la <a href=\"https:\/\/www.funcionpublica.gov.co\/eva\/gestornormativo\/norma.php?i=166506\" target=\"_blank\" rel=\"noreferrer noopener\">Ley 2101 de 2021<\/a> <strong>podr\u00e1n ser objeto de sanciones laborales por parte del Ministerio de Trabajo<\/strong>. Para garantizar el cumplimiento de estas disposiciones, el Gobierno Nacional anunci\u00f3 la contrataci\u00f3n de m\u00e1s de 1.000 inspectores que vigilar\u00e1n el cumplimiento de la jornada legal tanto en los sectores p\u00fablicos como en los privados.<\/p>\n\n\n\n<h2 class=\"wp-block-heading has-text-color has-link-color wp-elements-6d12f22db8c387b69b2a53c7eb5afbbc\" style=\"color:#0016b2\">Automatiza tus pagos de acuerdo con la nueva jornada laboral en 2025<\/h2>\n\n\n\n<p>La reducci\u00f3n de la nueva jornada laboral en 2025 no tiene por qu\u00e9 convertirse en una carga adicional. En Softland desarrollamos<strong> soluciones tecnol\u00f3gicas para la gesti\u00f3n de n\u00f3mina y el control de asistencia <\/strong>ajustados a las normatividades vigentes en Colombia y Latinoam\u00e9rica. Con nuestros sistemas ERP y de Recursos Humanos, tu empresa podr\u00e1:<\/p>\n\n\n\n<ul class=\"wp-block-list\">\n<li>Registrar y controlar horas laboradas de forma autom\u00e1tica<\/li>\n\n\n\n<li>Cumplir con los l\u00edmites legales sin errores ni sobrecostos<\/li>\n\n\n\n<li>Calcular correctamente las horas extras y recargos<\/li>\n\n\n\n<li>Gestionar turnos nocturnos y jornadas flexibles con eficiencia<\/li>\n<\/ul>\n\n\n\n<p><a href=\"https:\/\/web.whatsapp.com\/send?phone=573165388245&amp;text=*INTER%C3%89S:*%20_SOFTLAND%20HCM_%20(https:\/\/softland.com\/co\/blog)\" target=\"_blank\" data-type=\"link\" data-id=\"https:\/\/web.whatsapp.com\/send?phone=573165388245&amp;text=*INTER%C3%89S:*%20_SOFTLAND%20HCM_%20(https:\/\/softland.com\/co\/blog)\" rel=\"noreferrer noopener\">Solicita una demo gratuita<\/a> y conoce c\u00f3mo Softland puede ayudarte a cumplir con la nueva jornada laboral sin complicaciones.<\/p>\n","protected":false},"excerpt":{"rendered":"<p>Este 15 de julio se presentar\u00e1 una reducci\u00f3n en la cantidad de horas laborales en Colombia, pasando de 46 a 44 horas semanales. Esta nueva [&hellip;]<\/p>\n","protected":false},"author":18,"featured_media":22508,"comment_status":"closed","ping_status":"closed","sticky":false,"template":"","format":"standard","meta":{"_acf_changed":false,"footnotes":""},"categories":[6],"tags":[74,157,61,63,67,109],"class_list":["post-22494","post","type-post","status-publish","format-standard","has-post-thumbnail","hentry","category-noticias","tag-erp","tag-gestion-del-talento-humano","tag-recursos-humanos","tag-rrhh","tag-softlandcolombia","tag-software-erp"],"acf":[],"_links":{"self":[{"href":"https:\/\/softland.com\/co\/wp-json\/wp\/v2\/posts\/22494","targetHints":{"allow":["GET"]}}],"collection":[{"href":"https:\/\/softland.com\/co\/wp-json\/wp\/v2\/posts"}],"about":[{"href":"https:\/\/softland.com\/co\/wp-json\/wp\/v2\/types\/post"}],"author":[{"embeddable":true,"href":"https:\/\/softland.com\/co\/wp-json\/wp\/v2\/users\/18"}],"replies":[{"embeddable":true,"href":"https:\/\/softland.com\/co\/wp-json\/wp\/v2\/comments?post=22494"}],"version-history":[{"count":15,"href":"https:\/\/softland.com\/co\/wp-json\/wp\/v2\/posts\/22494\/revisions"}],"predecessor-version":[{"id":22524,"href":"https:\/\/softland.com\/co\/wp-json\/wp\/v2\/posts\/22494\/revisions\/22524"}],"wp:featuredmedia":[{"embeddable":true,"href":"https:\/\/softland.com\/co\/wp-json\/wp\/v2\/media\/22508"}],"wp:attachment":[{"href":"https:\/\/softland.com\/co\/wp-json\/wp\/v2\/media?parent=22494"}],"wp:term":[{"taxonomy":"category","embeddable":true,"href":"https:\/\/softland.com\/co\/wp-json\/wp\/v2\/categories?post=22494"},{"taxonomy":"post_tag","embeddable":true,"href":"https:\/\/softland.com\/co\/wp-json\/wp\/v2\/tags?post=22494"}],"curies":[{"name":"wp","href":"https:\/\/api.w.org\/{rel}","templated":true}]}}