{"id":19134,"date":"2025-02-25T18:44:04","date_gmt":"2025-02-25T21:44:04","guid":{"rendered":"https:\/\/softland.com.co\/?p=14856"},"modified":"2025-09-14T20:11:34","modified_gmt":"2025-09-15T02:11:34","slug":"erp-reduccion-jornada-laboral-colombia","status":"publish","type":"post","link":"https:\/\/softland.com\/co\/erp-reduccion-jornada-laboral-colombia\/","title":{"rendered":"Reducci\u00f3n de la Jornada Laboral en Colombia: Gu\u00eda para Empresas"},"content":{"rendered":"\n<p>La jornada laboral en Colombia sol\u00eda ser una de las m\u00e1s extensas entre los pa\u00edses miembros de la Organizaci\u00f3n para la Cooperaci\u00f3n y el Desarrollo Econ\u00f3mico (OCDE), pero eso cambi\u00f3 desde el pasado 16 de julio del a\u00f1o 2023, cuando comenz\u00f3 a regir la Ley 2101 del 2021, que establece una reducci\u00f3n gradual de la jornada laboral, pasando de 48 a 42 horas semanales para el a\u00f1o 2026.<\/p>\n\n\n\n<p>Para los trabajadores, esto implica una mejora en su calidad de vida, ya que podr\u00e1n equilibrar gradualmente sus responsabilidades laborales y personales, sin que esto afecte su salario ni sus derechos adquiridos.<\/p>\n\n\n\n<p>Sin embargo, en los sectores productivos del pa\u00eds prevalece la incertidumbre sobre si ser\u00e1 posible llevar a cabo este proceso sin afectar la correcta y eficiente prestaci\u00f3n de los servicios. A continuaci\u00f3n, te explicaremos c\u00f3mo funciona la reducci\u00f3n de la jornada laboral, los beneficios, desaf\u00edos y c\u00f3mo implementarla de manera adecuada en tu empresa.<\/p>\n\n\n\n<p><strong>Tranquilidad y Cumplimiento Garantizado<\/strong><\/p>\n\n\n\n<p>Nuestro software ya est\u00e1 ayudando a cientos de empresas en Colombia a cumplir con la reducci\u00f3n de la jornada laboral sin afectar su productividad. Con Softland HCM, la parametrizaci\u00f3n de los nuevos horarios y el c\u00e1lculo de la n\u00f3mina se automatizaron por completo. Dejamos de preocuparnos por el cumplimiento y nos enfocamos en optimizar los procesos para que el tiempo rinda m\u00e1s.&nbsp;<\/p>\n\n\n\n<p>&#8211; Gerente de RRHH, Empresa de Log\u00edstica en Colombia.<\/p>\n\n\n\n<h2 class=\"wp-block-heading has-text-color has-link-color wp-elements-28de1bafbe1f045f6c926769b2868540\" style=\"color:#0016b2\">\u00bfQu\u00e9 es la reducci\u00f3n de la jornada laboral?:<\/h2>\n\n\n\n<p>La reducci\u00f3n de la jornada laboral en Colombia es una medida que busca mejorar la calidad de vida de los trabajadores formales del pa\u00eds, as\u00ed como aumentar la productividad y la competitividad de las empresas.<\/p>\n\n\n\n<figure class=\"wp-block-image size-full\"><img fetchpriority=\"high\" decoding=\"async\" width=\"703\" height=\"179\" src=\"https:\/\/softland.com\/co\/wp-content\/uploads\/sites\/15\/2025\/02\/que_es_la_reduccion_de_la_jornada_laboral.png\" alt=\"\" class=\"wp-image-23914\" \/><\/figure>\n\n\n\n<p>La ley propone un esquema de reducci\u00f3n en etapas que va desde las 47 horas semanales en los primeros dos a\u00f1os, pasando por 46 horas en el tercer a\u00f1o, 44 horas en el cuarto a\u00f1o y finalmente llegando a las 42 horas en el quinto a\u00f1o despu\u00e9s de sancionada la Ley, en 2026.<\/p>\n\n\n\n<figure class=\"wp-block-table\"><table><tbody><tr><td><strong>Desde<\/strong><\/td><td><strong>Hasta<\/strong><\/td><td><strong>A\u00f1os a partir de la entrada en vigor de la Ley<\/strong><\/td><td><strong>Horas semanales<\/strong><\/td><\/tr><tr><td>16 de julio de 2023<\/td><td>15 de julio de 2024<\/td><td>2<\/td><td>47<\/td><\/tr><tr><td>16 de julio de 2024<\/td><td>15 de julio de 2025<\/td><td>1<\/td><td>46<\/td><\/tr><tr><td>16 de julio de 2025<\/td><td>15 de julio de 2026<\/td><td>1<\/td><td>44<\/td><\/tr><tr><td>A partir del 16 de julio de 2026<\/td><td>&#8211;<\/td><td>1<\/td><td>42<\/td><\/tr><\/tbody><\/table><\/figure>\n\n\n\n<p>Fechas Reducci\u00f3n Jornada Laboral en Colombia<\/p>\n\n\n\n<p>Existen excepciones a la jornada de 42 horas, como las labores insalubres o peligrosas y las condiciones espec\u00edficas para los adolescentes autorizados para laborar. Adem\u00e1s, se mantiene la normativa sobre turnos de trabajo sucesivos que no excedan de 6 horas al d\u00eda y 36 a la semana, permitiendo la continuidad de las empresas y sus unidades sin soluci\u00f3n de continuidad.<\/p>\n\n\n\n<h3 class=\"wp-block-heading has-text-align-center has-medium-font-size\"><a href=\"https:\/\/web.whatsapp.com\/send?phone=573165388245&amp;text=*INTER%C3%89S:*%20_SOFTLAND%20HCM_%20(https:\/\/softland.com\/co\/blog)\" target=\"_blank\" rel=\"noreferrer noopener\">\ud83d\udcf2 \u00a1Agenda una asesor\u00eda sin costo y conoce c\u00f3mo potenciar tu negocio! \u2705<\/a><\/h3>\n\n\n\n<h2 class=\"wp-block-heading has-text-color has-link-color wp-elements-d22e0881875ade2681788b2a6a7bf1be\" style=\"color:#0016b2\">\u00bfCu\u00e1les son los beneficios potenciales de una jornada laboral reducida?:<\/h2>\n\n\n\n<p>La reducci\u00f3n de la jornada laboral trae consigo una serie de beneficios tanto para los trabajadores como para las empresas. Entre los m\u00e1s destacados se encuentran:&nbsp;<\/p>\n\n\n\n<p><strong>1. Mejora en la calidad de vida. <\/strong>Al disponer de m\u00e1s tiempo libre, los trabajadores pueden disfrutar de sus pasatiempos, compartir con su familia y amigos, y cuidar de su bienestar f\u00edsico y mental.&nbsp;<\/p>\n\n\n\n<p><strong>2. Equilibrio entre la vida personal y profesional.<\/strong> La reducci\u00f3n de la jornada laboral permite a los empleados tener tiempo para cumplir con responsabilidades familiares y personales sin descuidar sus compromisos laborales.&nbsp;<\/p>\n\n\n\n<p><strong>3. Reducci\u00f3n del estr\u00e9s y la fatiga laboral.<\/strong>&nbsp; Al trabajar menos horas, los trabajadores tienen la oportunidad de descansar y recuperarse, lo que reduce los niveles de estr\u00e9s y fatiga relacionados con el trabajo.&nbsp;<\/p>\n\n\n\n<p><strong>4. Promoci\u00f3n de la igualdad de g\u00e9nero.<\/strong> La reducci\u00f3n de la jornada laboral permite una distribuci\u00f3n m\u00e1s equitativa de las responsabilidades familiares, lo que beneficia especialmente a las mujeres y promueve la igualdad de g\u00e9nero.&nbsp;<\/p>\n\n\n<h2><strong>Menos Horas, Misma Productividad: As\u00ed lo Logran Nuestros Clientes<\/strong><\/h2>\n\n\n<p>El gran desaf\u00edo no es reducir las horas, sino mantener e incluso aumentar la productividad. En lugar de simplemente &#8220;trabajar menos&#8221;, la clave es &#8220;trabajar mejor&#8221;. Un ERP moderno es la herramienta fundamental para lograrlo.<\/p>\n\n\n\n<p><strong>Nuestros clientes lo consiguen a trav\u00e9s de la automatizaci\u00f3n y la optimizaci\u00f3n de procesos:<\/strong><\/p>\n\n\n\n<ul class=\"wp-block-list\">\n<li>Automatizaci\u00f3n de Tareas Repetitivas: Funciones como la liquidaci\u00f3n de n\u00f3mina, la generaci\u00f3n de informes o la gesti\u00f3n de solicitudes de vacaciones, que antes consum\u00edan horas del equipo de RRHH, ahora se ejecutan en minutos.<\/li>\n\n\n\n<li>Portal de Autogesti\u00f3n del Empleado: Los colaboradores pueden descargar sus propios certificados laborales, consultar sus desprendibles de pago o solicitar permisos sin intermediarios. Esto libera tiempo tanto para ellos como para el \u00e1rea administrativa.<\/li>\n\n\n\n<li>Optimizaci\u00f3n de Turnos y Horarios: Con nuestro software de gesti\u00f3n de tiempos, las empresas pueden planificar los turnos de trabajo de forma m\u00e1s eficiente, asegurando la cobertura necesaria sin incurrir en horas extras innecesarias.<\/li>\n<\/ul>\n\n\n\n<h2 class=\"wp-block-heading has-text-color has-link-color wp-elements-bcafc2612005374b6295664da4ac7fd2\" style=\"color:#0016b2\">Desaf\u00edos y consideraciones de la reducci\u00f3n de la jornada laboral:<\/h2>\n\n\n\n<p>Aunque la reducci\u00f3n de la jornada laboral tiene numerosos beneficios, tambi\u00e9n plantea desaf\u00edos y preocupaciones. Estos son algunos de los aspectos a considerar:<\/p>\n\n\n\n<ul class=\"wp-block-list\">\n<li>Una preocupaci\u00f3n de los trabajadores es que, al reducir la jornada, las empresas o los empleadores reduzcan tambi\u00e9n la remuneraci\u00f3n salarial. Sin embargo, es importante notar que la reducci\u00f3n de horas no implica una disminuci\u00f3n del salario, las prestaciones ni el valor de la hora ordinaria de trabajo.&nbsp;<\/li>\n\n\n\n<li>\u201cA pesar de que iniciativas similares en otros pa\u00edses no han producido los resultados esperados, encareciendo el empleo y afectando la competitividad, algunos argumentan que esta ley optimizar\u00e1 la productividad de las empresas y mejorar\u00e1 la calidad de vida de los trabajadores.\u201d, se\u00f1ala Diana Mar\u00eda G\u00f3mez Hoyos, directora de Especializaciones de la Facultad de Derecho y Ciencias Pol\u00edticas de la Universidad de La Sabana.<\/li>\n\n\n\n<li>\u201cAdem\u00e1s, contribuir\u00e1 a la conciliaci\u00f3n entre la vida familiar y laboral, y proporcionar\u00e1 a los empleados el tiempo necesario para continuar con su formaci\u00f3n y capacitaci\u00f3n.<\/li>\n\n\n\n<li>Los empresarios han mostrado su preocupaci\u00f3n. Enrique Almeyda, gerente general de MInserv SAS, una pyme del sector de la industria de la construcci\u00f3n, advierte que \u201cAhora el costo por hora se elevar\u00e1. Supone un cambio en la cultura de trabajo. Aunque busca elevar la productividad, para hacer m\u00e1s en menos tiempo, al principio no creo que suponga un ahorro o una optimizaci\u00f3n del talento humano sino un sobrecosto operativo\u201d.<\/li>\n\n\n\n<li>Muchos empleadores est\u00e1n preocupados de que, para las empresas, la reducci\u00f3n de la jornada laboral implique ajustes en la organizaci\u00f3n y cambios en la productividad que, a primera vista, puedan tener efectos econ\u00f3micos. Sin embargo, la <a href=\"https:\/\/www.elpais.com.co\/economia\/reduccion-de-la-jornada-laboral-en-colombia-estos-son-los-beneficios-que-se-perderan-1345.html\" target=\"_blank\" rel=\"noopener\"><strong>Ministra de Trabajo<\/strong><\/a>, Gloria In\u00e9s Ram\u00edrez, afirm\u00f3 que esta medida \u201cno es perjudicial para los empleadores\u201d.&nbsp;&nbsp;<\/li>\n<\/ul>\n\n\n\n<h2 class=\"wp-block-heading has-text-color has-link-color wp-elements-536a3a3dc51bf3b5ea23f82a44e6e70b\" style=\"color:#0016b2\">Recomendaciones para implementar de manera adecuada la reducci\u00f3n de la jornada laboral:<\/h2>\n\n\n\n<p>Con la entrada en vigor de la Ley 2101 de 2021, la jornada laboral en Colombia se redujo a <strong>44 horas semanales desde julio de 2025<\/strong>, como parte de la transici\u00f3n gradual hacia las 42 horas que aplicar\u00e1n en 2026. Para mitigar los impactos financieros y operativos, y garantizar un equilibrio en la relaci\u00f3n laboral, expertos y consultoras como Deloitte proponen las siguientes pr\u00e1cticas:<\/p>\n\n\n\n<ul class=\"wp-block-list\">\n<li><strong>Programas de gesti\u00f3n del tiempo y productividad:<\/strong> Desde el \u00e1rea de talento humano, con apoyo en inteligencia artificial y automatizaci\u00f3n, para fomentar una cultura de eficiencia.<\/li>\n\n\n\n<li><strong>Equipos interdisciplinarios:<\/strong> Involucrar finanzas, n\u00f3mina y gesti\u00f3n humana para dise\u00f1ar soluciones integrales que minimicen los riesgos.<\/li>\n\n\n\n<li><strong>Actualizaci\u00f3n de reglamentos internos:<\/strong> Adaptar las disposiciones relacionadas con la jornada laboral al marco de la Ley 2101.<\/li>\n\n\n\n<li><strong>Flexibilidad en la distribuci\u00f3n de horas:<\/strong> Definir la jornada diaria por acuerdo o decisi\u00f3n unilateral, respetando los l\u00edmites de trabajo suplementario (m\u00e1x. 2 horas diarias o 12 semanales).<\/li>\n\n\n\n<li><strong>Autorizaci\u00f3n de horas extras:<\/strong> Solicitar o ajustar permisos ante el Ministerio de Trabajo en caso de requerir trabajo suplementario.<\/li>\n\n\n\n<li><strong>Implementaci\u00f3n gradual:<\/strong> Evaluar si conviene adoptar la reducci\u00f3n de forma progresiva o definitiva seg\u00fan las necesidades de la empresa.<\/li>\n<\/ul>\n\n\n\n<p>La directora de programas en la Universidad Sim\u00f3n Bol\u00edvar de Contadur\u00eda P\u00fablica y Especializaci\u00f3n en Tributaci\u00f3n, Ana Emilce Contreras, tambi\u00e9n ofrece una serie de recomendaciones tanto para empresarios como para trabajadores en relaci\u00f3n con la adaptaci\u00f3n a la nueva jornada laboral.<\/p>\n\n\n\n<p>Para los empresarios, Contreras sugiere establecer estrategias de adaptaci\u00f3n a corto, mediano y largo plazo, as\u00ed como definir nuevas estrategias publicitarias y conquistar nuevos mercados. Adem\u00e1s, recomienda no modificar el precio de venta para mantener la competitividad, reducir gastos no esenciales y considerar opciones como el leasing y el outsourcing.<\/p>\n\n\n\n<p>En cuanto a los empleados, enfatiza la importancia de contar con trabajadores \u00e1giles, capacitados y comprometidos en esas 42 horas de trabajo a la semana. Por otro lado, para los trabajadores, la directora recomienda ser m\u00e1s proactivos, tener una mayor capacidad de aprendizaje y aprovechar al m\u00e1ximo la jornada laboral.<\/p>\n\n\n\n<p>Adem\u00e1s, sugiere mantenerse actualizados en cuanto a las TIC y desarrollar habilidades blandas, como el manejo de emociones, trabajo en equipo y proactividad. Contreras tambi\u00e9n destaca la importancia de aprovechar el tiempo para ser ejemplo en la familia y en la organizaci\u00f3n.&nbsp;<\/p>\n\n\n\n<figure class=\"wp-block-image size-full\"><img decoding=\"async\" width=\"1024\" height=\"261\" src=\"https:\/\/softland.com\/co\/wp-content\/uploads\/sites\/15\/2025\/02\/DIAGNOSTICO_HCM.jpg\" alt=\"\" class=\"wp-image-23915\" \/><\/figure>\n\n\n\n<h3 class=\"wp-block-heading has-text-color has-link-color wp-elements-bdb537ea12883707b7946a9c0e03b601\" style=\"color:#1ca5ea\">\u00bfQu\u00e9 ajustes hacer a la jornada laboral?:&nbsp;<\/h3>\n\n\n\n<p>Estos son algunos consejos seg\u00fan<strong> <\/strong>un an\u00e1lisis realizado por Ignacio Perdomo G\u00f3mez, Miembro del Observatorio del Trabajo y de la Seguridad Social de la Universidad Libre:<\/p>\n\n\n\n<ul class=\"wp-block-list\">\n<li><strong>En la jornada ordinaria:<\/strong> se aconseja negociar una jornada laboral menor a la m\u00e1xima legal, considerando una distribuci\u00f3n adecuada del tiempo de trabajo y descanso, lo que puede mejorar la satisfacci\u00f3n, el bienestar y la productividad.<\/li>\n\n\n\n<li><strong>Respecto a la jornada m\u00e1xima legal: <\/strong>las empresas deben ajustar sus horarios seg\u00fan las disposiciones legales y atender las reglas especiales para labores insalubres y menores de edad.<\/li>\n\n\n\n<li><strong>En turnos continuos:<\/strong> se deben garantizar 6 horas al d\u00eda y 36 horas semanales, respetando el derecho al descanso remunerado.<\/li>\n\n\n\n<li><strong>Para la jornada diaria flexible:<\/strong> se sugiere organizar turnos que no excedan 42 horas semanales y no trabajar despu\u00e9s de las 9:00 p.m.<\/li>\n\n\n\n<li><strong>En turnos discontinuos:<\/strong> las empresas deben cumplir con los m\u00e1ximos permitidos por ley, el pago de recargos correspondientes y otorgar descanso compensatorio por laborar domingos.<\/li>\n\n\n\n<li><strong>En turnos sucesivos:<\/strong> se deben ajustar las jornadas para no exceder 42 horas semanales, garantizar descanso remunerado y reconocer el derecho al descanso compensatorio por laborar domingos.<\/li>\n<\/ul>\n\n\n\n<h3 class=\"wp-block-heading has-text-color has-link-color wp-elements-a6fb5a215a48c5e381bb3706d0e041b2\" style=\"color:#1ca5ea\">Herramientas tecnol\u00f3gicas, aliadas en la reducci\u00f3n de la jornada laboral:<\/h3>\n\n\n\n<p>La tecnolog\u00eda es un gran aliado en las empresas para enfrentar las nuevas condiciones laborales, no solo en los procesos de producci\u00f3n, manejo \u00f3ptimo de turnos sino en los procesos de n\u00f3mina y recursos humanos. Contar con un Software de n\u00f3mina y RRHH adecuado a los nuevos retos es fundamental para las empresas.<\/p>\n\n\n\n<h3 class=\"wp-block-heading has-text-align-center has-medium-font-size\"><a href=\"https:\/\/web.whatsapp.com\/send?phone=573165388245&amp;text=*INTER%C3%89S:*%20_SOFTLAND%20HCM_%20(https:\/\/softland.com\/co\/blog)\" target=\"_blank\" rel=\"noreferrer noopener\">\ud83d\udcf2 \u00a1Agenda una asesor\u00eda sin costo y conoce c\u00f3mo potenciar tu negocio! \u2705<\/a><\/h3>\n\n\n\n<h2 class=\"wp-block-heading has-text-color has-link-color wp-elements-42fe59ccf6ddff54c2a19a44eddd1a1f\" style=\"color:#0016b2\">\u00bfEn qu\u00e9 va la reducci\u00f3n de la jornada laboral en Colombia?:<\/h2>\n\n\n\n<p>La primera reducci\u00f3n arranc\u00f3 en julio de 2023, con el paso de una jornada de 48 a 47 horas. Algunas empresas ya est\u00e1n poniendo en marcha la reducci\u00f3n de horas laborales, por lo que desde el Ministerio de Trabajo se ha pedido que sean m\u00e1s las compa\u00f1\u00edas que repliquen este comportamiento.<\/p>\n\n\n\n<p>Tal es el caso de Teleperformance, empresa que baj\u00f3 la jornada semanal a 42 horas, ante lo que el viceministro de Relaciones Laborales e Inspecci\u00f3n, Edwin Palma, coment\u00f3 que \u201ces un ejemplo, que ojal\u00e1 lo puedan replicar sobre todo los grandes empleadores de este pa\u00eds\u201d.<\/p>\n\n\n\n<p>A su vez, el viceministro se\u00f1al\u00f3 que, \u201cvemos con gran satisfacci\u00f3n que esta empresa, tiene a m\u00e1s de la mitad de las y los trabajadores con una jornada laboral de 42 horas, lo que sin duda alguna est\u00e1 generando un mejor clima laboral, mejores relaciones interpersonales, pero sobre todo calidad de vida para las familias de estas personas\u201d.<\/p>\n\n\n\n<p>Otro ejemplo, desde 2022, el Grupo Hada tiene al 100 % de su personal en un esquema laboral de semana de cuatro d\u00edas. Vale aclarar que, si una empresa o empleador no aplica la medida, podr\u00eda dar lugar a una justa causa para que el trabajador de manera unilateral termine el contrato de trabajo (despido indirecto) y exija el pago de las correspondientes indemnizaciones seg\u00fan la parte \u201cB\u201d del numeral 6 del art\u00edculo 62 del CST.<\/p>\n\n\n\n<p>La reducci\u00f3n de la jornada laboral, especialmente hacia semanas laborales de cuatro d\u00edas, es una medida que se est\u00e1 analizando, o implementando, en varios pa\u00edses.<\/p>\n\n\n\n<p>En Reino Unido, por ejemplo, se hizo un experimento de medio a\u00f1o en 2022 con la participaci\u00f3n de casi 80 compa\u00f1\u00edas y unos 3.000 trabajadores. Tanto empleados, como empleadores, reportaron crecimientos en productividad y satisfacci\u00f3n de ambas partes. Y casi todos los participantes aseguraron que implementar\u00edan la medida de forma permanente.<\/p>\n\n\n\n<h2 class=\"wp-block-heading has-text-color has-link-color wp-elements-eb55c30f970037f0e315e568fb9dfb73\" style=\"color:#0016b2\">Softland HCM te puede ayudar con la reducci\u00f3n de la jornada laboral:<\/h2>\n\n\n\n<p>Softland HCM , el software de n\u00f3mina &amp; RRHH que ofrece una soluci\u00f3n integral para ayudar a las empresas a enfrentar la reducci\u00f3n de la jornada laboral, mediante la implementaci\u00f3n de herramientas que midan el desempe\u00f1o y eficacia de los empleados, as\u00ed como la automatizaci\u00f3n de procesos internos para agilizar la gesti\u00f3n de turnos y procesos de n\u00f3mina.<br><br>Esta soluci\u00f3n de N\u00f3mina y gesti\u00f3n de recursos humanos permite mejorar el bienestar y la calidad de vida de los trabajadores, lo cual es esencial para alcanzar una mayor eficiencia y productividad.<\/p>\n\n\n\n<h2 class=\"wp-block-heading has-text-color has-link-color wp-elements-a95496fd79b6209da8bef32ea526353d\" style=\"color:#0016b2\">Preguntas Frecuentes<\/h2>\n\n\n\n<h3 class=\"wp-block-heading has-text-color has-link-color has-medium-font-size wp-elements-2a829a26f1feda3c4719bab815c54683\" style=\"color:#1ca5ea\">\u00bfQu\u00e9 es la reducci\u00f3n de la jornada laboral en Colombia y c\u00f3mo se implementa?<\/h3>\n\n\n\n<p>Es una medida legal que disminuye gradualmente las horas de trabajo semanales. A 2025, la jornada m\u00e1xima legal es de 46 horas, con el siguiente paso a 44 horas programado para julio de 2025.<\/p>\n\n\n\n<h3 class=\"wp-block-heading has-text-color has-link-color has-medium-font-size wp-elements-d5a174bb18bb01c66a0d091b00215ee4\" style=\"color:#1ca5ea\">\u00bfCu\u00e1les son los principales beneficios de la reducci\u00f3n de la jornada laboral?<\/h3>\n\n\n\n<p>Entre los beneficios se destacan la mejora en la calidad de vida y el equilibrio entre lo laboral y lo personal, la reducci\u00f3n del estr\u00e9s y la fatiga, y la promoci\u00f3n de la igualdad de g\u00e9nero al facilitar una distribuci\u00f3n m\u00e1s equitativa de las responsabilidades familiares, sin que esto afecte el salario ni los derechos adquiridos.<\/p>\n\n\n\n<h3 class=\"wp-block-heading has-text-color has-link-color has-medium-font-size wp-elements-7ddd34ecce13fdc334141b9c5f2f4cfe\" style=\"color:#1ca5ea\">\u00bfQu\u00e9 desaf\u00edos enfrentan los empleadores ante la reducci\u00f3n de la jornada laboral?<\/h3>\n\n\n\n<p>Algunos empresarios se preocupan por el posible aumento en el costo por hora y los ajustes necesarios en la organizaci\u00f3n interna para mantener la productividad. No obstante, la medida busca precisamente optimizar el uso del tiempo y promover una cultura de eficiencia, sin que ello implique una disminuci\u00f3n de la remuneraci\u00f3n de los trabajadores.<\/p>\n\n\n\n<h3 class=\"wp-block-heading has-text-color has-link-color has-medium-font-size wp-elements-b1b5dfc234a97c9d49cc6ad8e4530404\" style=\"color:#1ca5ea\">\u00bfCu\u00e1les son las excepciones a la reducci\u00f3n de la jornada laboral?<\/h3>\n\n\n\n<p>Existen excepciones para labores insalubres o peligrosas, as\u00ed como para trabajadores adolescentes con autorizaci\u00f3n para laborar. Adem\u00e1s, se mantienen normativas especiales para turnos continuos, asegurando que no se excedan los l\u00edmites diarios y semanales establecidos por la ley.<\/p>\n\n\n\n<h3 class=\"wp-block-heading has-text-color has-link-color has-medium-font-size wp-elements-0a8e0bb598ed42f8d546c8f67b61039c\" style=\"color:#1ca5ea\">\u00bfQu\u00e9 recomendaciones se sugieren para implementar de forma exitosa esta medida en las empresas?<\/h3>\n\n\n\n<p>Es fundamental actualizar el reglamento interno de trabajo, formar equipos interdisciplinarios (finanzas, n\u00f3mina y gesti\u00f3n humana) y utilizar herramientas tecnol\u00f3gicas, como software especializado en n\u00f3mina y RRHH, para gestionar el tiempo y la productividad. Estas estrategias ayudan a minimizar impactos operativos y a adaptar la organizaci\u00f3n a la nueva jornada laboral sin afectar la competitividad.<br><br>Con Softland HCM, las compa\u00f1\u00edas, independientemente de su tama\u00f1o, pueden identificar a los empleados de alto rendimiento y mejorar sus resultados. Si deseas saber c\u00f3mo Softland HCM puede impactar en el bienestar y calidad de vida de tus colaboradores a trav\u00e9s de una adecuada gesti\u00f3n del recurso humano, solicita una reuni\u00f3n <a href=\"https:\/\/softland.com.co\/contacto\/\">con uno de nuestros consultores.<\/a><strong>&nbsp;<\/strong>Recibe las \u00faltimas novedades tecnol\u00f3gicas, de RRHH y empresariales a trav\u00e9s de nuestras notas de inter\u00e9s. <strong>\u00a1Ap\u00fantate!<\/strong><\/p>\n\n\n\n<p><\/p>\n","protected":false},"excerpt":{"rendered":"<p>La jornada laboral en Colombia sol\u00eda ser una de las m\u00e1s extensas entre los pa\u00edses miembros de la Organizaci\u00f3n para la Cooperaci\u00f3n y el Desarrollo [&hellip;]<\/p>\n","protected":false},"author":17,"featured_media":19150,"comment_status":"closed","ping_status":"closed","sticky":false,"template":"","format":"standard","meta":{"_acf_changed":false,"footnotes":""},"categories":[6],"tags":[],"class_list":["post-19134","post","type-post","status-publish","format-standard","has-post-thumbnail","hentry","category-noticias"],"acf":[],"_links":{"self":[{"href":"https:\/\/softland.com\/co\/wp-json\/wp\/v2\/posts\/19134","targetHints":{"allow":["GET"]}}],"collection":[{"href":"https:\/\/softland.com\/co\/wp-json\/wp\/v2\/posts"}],"about":[{"href":"https:\/\/softland.com\/co\/wp-json\/wp\/v2\/types\/post"}],"author":[{"embeddable":true,"href":"https:\/\/softland.com\/co\/wp-json\/wp\/v2\/users\/17"}],"replies":[{"embeddable":true,"href":"https:\/\/softland.com\/co\/wp-json\/wp\/v2\/comments?post=19134"}],"version-history":[{"count":6,"href":"https:\/\/softland.com\/co\/wp-json\/wp\/v2\/posts\/19134\/revisions"}],"predecessor-version":[{"id":23916,"href":"https:\/\/softland.com\/co\/wp-json\/wp\/v2\/posts\/19134\/revisions\/23916"}],"wp:featuredmedia":[{"embeddable":true,"href":"https:\/\/softland.com\/co\/wp-json\/wp\/v2\/media\/19150"}],"wp:attachment":[{"href":"https:\/\/softland.com\/co\/wp-json\/wp\/v2\/media?parent=19134"}],"wp:term":[{"taxonomy":"category","embeddable":true,"href":"https:\/\/softland.com\/co\/wp-json\/wp\/v2\/categories?post=19134"},{"taxonomy":"post_tag","embeddable":true,"href":"https:\/\/softland.com\/co\/wp-json\/wp\/v2\/tags?post=19134"}],"curies":[{"name":"wp","href":"https:\/\/api.w.org\/{rel}","templated":true}]}}