{"id":19093,"date":"2023-05-11T18:16:49","date_gmt":"2023-05-11T21:16:49","guid":{"rendered":"https:\/\/softland.com.co\/?p=11585"},"modified":"2025-06-25T08:10:28","modified_gmt":"2025-06-25T14:10:28","slug":"reduccion-de-la-jornada-laboral-en-colombia-consejos-para-empresas","status":"publish","type":"post","link":"https:\/\/softland.com\/co\/reduccion-de-la-jornada-laboral-en-colombia-consejos-para-empresas\/","title":{"rendered":"REDUCCI\u00d3N DE LA JORNADA LABORAL EN COLOMBIA: CONSEJOS PARA EMPRESAS"},"content":{"rendered":"\n<p>A partir del 15 de julio de 2023, los trabajadores colombianos, se les reducir\u00e1 la semana laboral, de acuerdo con lo estipulado en la Ley 2101 de 2021.<\/p>\n\n\n\n<p>La Ley 2101 modifica el art\u00edculo 161 del C\u00f3digo Sustantivo del Trabajo (CST), instituyendo la disminuci\u00f3n gradual de la jornada semanal sin afectar el valor de la hora ordinaria de trabajo, el salario, las prestaciones sociales, los derechos adquiridos ni las garant\u00edas de los trabajadores.<\/p>\n\n\n\n<p>La normativa establece que la jornada laboral debe distribuirse en 5 o 6 d\u00edas, garantizando al menos un d\u00eda de descanso.<\/p>\n\n\n\n<p>El proceso de reducci\u00f3n de la jornada laboral puede ser llevado a cabo de manera inmediata (pasando de 48 a 42 horas desde 2023)&nbsp; o gradual, seg\u00fan las preferencias del empleador.<\/p>\n\n\n\n<p>La ley propone un esquema de reducci\u00f3n en etapas que va desde las 47 horas semanales en los primeros dos a\u00f1os, pasando por 46 horas en el tercer a\u00f1o, 44 horas en el cuarto a\u00f1o y finalmente llegando a las 42 horas en el quinto a\u00f1o despu\u00e9s de sancionada la Ley, en 2026.<\/p>\n\n\n\n<figure class=\"wp-block-table\"><table><tbody><tr><td><strong>Desde<\/strong><\/td><td><strong>Hasta<\/strong><\/td><td><strong>A\u00f1os a partir de la entrada en vigor de la Ley<\/strong><\/td><td><strong>Horas semanales<\/strong><\/td><\/tr><tr><td>El 16 de julio de 2021<\/td><td>El 15 de julio de 2023<\/td><td>2<\/td><td>47<\/td><\/tr><tr><td>El 16 de julio de 2023<\/td><td>El 15 de julio de 2024<\/td><td>1<\/td><td>46<\/td><\/tr><tr><td>El 16 de julio de 2024<\/td><td>El 15 de julio de 2025<\/td><td>1<\/td><td>44<\/td><\/tr><tr><td>El 16 de julio de 2025<\/td><td>El 15 de julio de 2026<\/td><td>1<\/td><td>42<\/td><\/tr><\/tbody><\/table><figcaption class=\"wp-element-caption\">Fechas Reducci\u00f3n Jornada Laboral en Colombia<\/figcaption><\/figure>\n\n\n\n<p><\/p>\n\n\n\n<p>Existen excepciones a la jornada de 42 horas, como las labores insalubres o peligrosas y las condiciones espec\u00edficas para los adolescentes autorizados para laborar. Adem\u00e1s, se mantiene la normativa sobre turnos de trabajo sucesivos que no excedan de 6 horas al d\u00eda y 36 a la semana, permitiendo la continuidad de las empresas y sus unidades sin soluci\u00f3n de continuidad.<\/p>\n\n\n\n<p>\u201cA pesar de que iniciativas similares en otros pa\u00edses no han producido los resultados esperados, encareciendo el empleo y afectando la competitividad, algunos argumentan que esta ley optimizar\u00e1 la productividad de las empresas y mejorar\u00e1 la calidad de vida de los trabajadores.\u201d, se\u00f1ala Diana Mar\u00eda G\u00f3mez Hoyos, directora de Especializaciones de la Facultad de Derecho y Ciencias Pol\u00edticas de la Universidad de La Sabana.<\/p>\n\n\n\n<p>\u201cAdem\u00e1s, contribuir\u00e1 a la conciliaci\u00f3n entre la vida familiar y laboral, y proporcionar\u00e1 a los empleados el tiempo necesario para continuar con su formaci\u00f3n y capacitaci\u00f3n. Sin embargo, ciertos sectores, como las Mipymes, podr\u00edan verse m\u00e1s perjudicados que otros debido a los cambios en el pago de horas extras y la jornada laboral\u201d, a\u00f1ade G\u00f3mez Hoyos en un an\u00e1lisis de su autor\u00eda titulado <a href=\"https:\/\/www.unisabana.edu.co\/portaldenoticias\/opinion\/reduccion-gradual-de-la-jornada-laboral-semanal-ya-es-ley\/\" target=\"_blank\" rel=\"noopener\">\u201c<\/a><a href=\"https:\/\/www.unisabana.edu.co\/portaldenoticias\/opinion\/reduccion-gradual-de-la-jornada-laboral-semanal-ya-es-ley\/\" target=\"_blank\" rel=\"noreferrer noopener\">Reducci\u00f3n gradual de la jornada laboral: ya es ley\u201d.<\/a><a href=\"#_msocom_1\">[1]<\/a>&nbsp;<\/p>\n\n\n\n<p>Los empresarios han mostrado su preocupaci\u00f3n. Enrique Almeyda, gerente general de MInserv SAS, una pyme del sector de la industria de la construcci\u00f3n advierte que \u201cahora el costo por hora se elevar\u00e1. Supone un cambio en la cultura de trabajo. Aunque busca elevar la productividad, para hacer m\u00e1s en menos tiempo, al principio no creo que suponga un ahorro o una optimizaci\u00f3n del talento humano sino un sobrecosto operativo\u201d.&nbsp;<\/p>\n\n\n\n<figure class=\"wp-block-image size-full\"><img fetchpriority=\"high\" decoding=\"async\" width=\"1024\" height=\"411\" src=\"https:\/\/softland.com\/co\/wp-content\/uploads\/sites\/15\/2025\/06\/shutterstock_2153663475-1024x411-1.jpg\" alt=\"\" class=\"wp-image-21803\"\/><\/figure>\n\n\n\n<h2 class=\"wp-block-heading\"><strong>Qu\u00e9 ajustes hacer a la jornada laboral<\/strong><\/h2>\n\n\n\n<p>De un an\u00e1lisis realizado por Ignacio Perdomo G\u00f3mez<a href=\"#_msocom_2\">[2]<\/a>&nbsp;, Miembro del Observatorio del Trabajo y de la Seguridad Social de la Universidad Libre<\/p>\n\n\n\n<p><strong>En la jornada ordinaria:<\/strong> se aconseja negociar una jornada laboral menor a la m\u00e1xima legal, considerando una distribuci\u00f3n adecuada del tiempo de trabajo y descanso, lo que puede mejorar la satisfacci\u00f3n, el bienestar y la productividad.<\/p>\n\n\n\n<p><strong>Respecto a la jornada m\u00e1xima legal: <\/strong>las empresas deben ajustar sus horarios seg\u00fan las disposiciones legales y atender las reglas especiales para labores insalubres y menores de edad.<\/p>\n\n\n\n<p><strong>En turnos continuos:<\/strong> se deben garantizar 6 horas al d\u00eda y 36 horas semanales, respetando el derecho al descanso remunerado.<\/p>\n\n\n\n<p><strong>Para la jornada diaria flexible:,<\/strong> se sugiere organizar turnos que no excedan 42 horas semanales y no trabajar despu\u00e9s de las 9:00 p.m.<\/p>\n\n\n\n<p><strong>En turnos discontinuos:<\/strong> las empresas deben cumplir con los m\u00e1ximos permitidos por ley, el pago de recargos correspondientes y otorgar descanso compensatorio por laborar domingos.<\/p>\n\n\n\n<p><strong>En turnos sucesivos:<\/strong> se deben ajustar las jornadas para no exceder 42 horas semanales, garantizar descanso remunerado y reconocer el derecho al descanso compensatorio por laborar domingos.<\/p>\n\n\n\n<h2 class=\"wp-block-heading\"><strong>Otras recomendaciones para implementar adecuadamente la reducci\u00f3n de jornada laboral<\/strong><\/h2>\n\n\n\n<p><br>La directora de programas en la Universidad Sim\u00f3n Bol\u00edvar de Contadur\u00eda P\u00fablica y Especializaci\u00f3n en Tributaci\u00f3n, Ana Emilce Contreras, ofrece una serie de recomendaciones tanto para empresarios como para trabajadores en relaci\u00f3n con la adaptaci\u00f3n a la nueva jornada laboral<br><br>Para los empresarios, Contreras sugiere establecer estrategias de adaptaci\u00f3n a corto, mediano y largo plazo, as\u00ed como definir nuevas estrategias publicitarias y conquistar nuevos mercados.<br><br>Adem\u00e1s, recomienda no modificar el precio de venta para mantener la competitividad, reducir gastos no esenciales y considerar opciones como el leasing y el outsourcing.<br><br>En cuanto a los empleados, enfatiza la importancia de contar con trabajadores \u00e1giles, capacitados y comprometidos en esas 42 horas de trabajo a la semana.<\/p>\n\n\n\n<p>Por otro lado, para los trabajadores, la directora recomienda ser m\u00e1s proactivos, tener una mayor capacidad de aprendizaje y aprovechar al m\u00e1ximo la jornada laboral.<\/p>\n\n\n\n<p>Adem\u00e1s, sugiere mantenerse actualizados en cuanto a las TIC y desarrollar habilidades blandas, como el manejo de emociones, trabajo en equipo y proactividad. Contreras tambi\u00e9n destaca la importancia de aprovechar el tiempo para ser ejemplo en la familia y en la organizaci\u00f3n.<\/p>\n\n\n\n<h2 class=\"wp-block-heading\">Herramientas tecnol\u00f3gicas, aliadas en la reducci\u00f3n de la jornada laboral<\/h2>\n\n\n\n<p>La tecnolog\u00eda ser\u00e1 un gran aliado en las empresas para enfrentar las nuevas condiciones laborales, no solo en los procesos de producci\u00f3n, manejo optimo de turnos sino en los procesos de n\u00f3mina y recursos humanos. Contar con un Software de n\u00f3mina y RRHH adecuado a los nuevos retos es fundamental para las empresas.   <\/p>\n\n\n\n<p><\/p>\n\n\n\n<h2 class=\"wp-block-heading\"><strong>Softland HCM te puede ayuda con la reducci\u00f3n de la jornada laboral<\/strong><\/h2>\n\n\n\n<p>Softland HCM , el software de n\u00f3mina &amp; RRHH que ofrece una soluci\u00f3n integral para ayudar a las empresas a enfrentar la reducci\u00f3n de la jornada laboral, mediante la implementaci\u00f3n de herramientas que midan el desempe\u00f1o y eficacia de los empleados, as\u00ed como la automatizaci\u00f3n de procesos internos para agilizar la gesti\u00f3n de turnos  y procesos de n\u00f3mina.<br><br>Esta soluci\u00f3n de N\u00f3mina y gesti\u00f3n de recursos humanos permite mejorar el bienestar y la calidad de vida de los trabajadores, lo cual es esencial para alcanzar una mayor eficiencia y productividad.<br><br>Con Softland HCM, las compa\u00f1\u00edas, independientemente de su tama\u00f1o, pueden identificar a los empleados de alto rendimiento y mejorar sus resultados. Si deseas saber c\u00f3mo Softland HCM puede impactar en el bienestar y calidad de vida de tus colaboradores a trav\u00e9s de una adecuada gesti\u00f3n del recurso humano, solicita una reuni\u00f3n <a rel=\"noreferrer noopener\" href=\"https:\/\/softland.com.co\/contacto\/\" target=\"_blank\">con uno de nuestros consultores.<\/a><\/p>\n\n\n\n<hr class=\"wp-block-separator has-alpha-channel-opacity\"\/>\n","protected":false},"excerpt":{"rendered":"<p>A partir del 15 de julio de 2023, los trabajadores colombianos, se les reducir\u00e1 la semana laboral, de acuerdo con lo estipulado en la Ley [&hellip;]<\/p>\n","protected":false},"author":17,"featured_media":19248,"comment_status":"closed","ping_status":"closed","sticky":false,"template":"","format":"standard","meta":{"_acf_changed":false,"footnotes":""},"categories":[6],"tags":[166,165],"class_list":["post-19093","post","type-post","status-publish","format-standard","has-post-thumbnail","hentry","category-noticias","tag-reduccion-jornada-laboral","tag-software-de-nomina"],"acf":[],"_links":{"self":[{"href":"https:\/\/softland.com\/co\/wp-json\/wp\/v2\/posts\/19093","targetHints":{"allow":["GET"]}}],"collection":[{"href":"https:\/\/softland.com\/co\/wp-json\/wp\/v2\/posts"}],"about":[{"href":"https:\/\/softland.com\/co\/wp-json\/wp\/v2\/types\/post"}],"author":[{"embeddable":true,"href":"https:\/\/softland.com\/co\/wp-json\/wp\/v2\/users\/17"}],"replies":[{"embeddable":true,"href":"https:\/\/softland.com\/co\/wp-json\/wp\/v2\/comments?post=19093"}],"version-history":[{"count":2,"href":"https:\/\/softland.com\/co\/wp-json\/wp\/v2\/posts\/19093\/revisions"}],"predecessor-version":[{"id":21805,"href":"https:\/\/softland.com\/co\/wp-json\/wp\/v2\/posts\/19093\/revisions\/21805"}],"wp:featuredmedia":[{"embeddable":true,"href":"https:\/\/softland.com\/co\/wp-json\/wp\/v2\/media\/19248"}],"wp:attachment":[{"href":"https:\/\/softland.com\/co\/wp-json\/wp\/v2\/media?parent=19093"}],"wp:term":[{"taxonomy":"category","embeddable":true,"href":"https:\/\/softland.com\/co\/wp-json\/wp\/v2\/categories?post=19093"},{"taxonomy":"post_tag","embeddable":true,"href":"https:\/\/softland.com\/co\/wp-json\/wp\/v2\/tags?post=19093"}],"curies":[{"name":"wp","href":"https:\/\/api.w.org\/{rel}","templated":true}]}}