{"id":7788,"date":"2021-10-28T17:33:29","date_gmt":"2021-10-28T20:33:29","guid":{"rendered":"https:\/\/softland.com\/ar\/?p=7788"},"modified":"2023-01-05T14:33:00","modified_gmt":"2023-01-05T17:33:00","slug":"noticias-erp-la-capacitacion-y-formacion-como-herramienta-transformadora","status":"publish","type":"post","link":"https:\/\/softland.com\/ar\/noticias-erp-la-capacitacion-y-formacion-como-herramienta-transformadora\/","title":{"rendered":"La capacitaci\u00f3n y formaci\u00f3n, como herramienta transformadora"},"content":{"rendered":"\t\t<div data-elementor-type=\"wp-post\" data-elementor-id=\"7788\" class=\"elementor elementor-7788\" data-elementor-post-type=\"post\">\n\t\t\t\t\t\t<section class=\"elementor-section elementor-top-section elementor-element elementor-element-85788f9 elementor-section-boxed elementor-section-height-default elementor-section-height-default\" data-id=\"85788f9\" data-element_type=\"section\" data-e-type=\"section\">\n\t\t\t\t\t\t<div class=\"elementor-container elementor-column-gap-default\">\n\t\t\t\t\t<div class=\"elementor-column elementor-col-100 elementor-top-column elementor-element elementor-element-0111904\" data-id=\"0111904\" data-element_type=\"column\" data-e-type=\"column\">\n\t\t\t<div class=\"elementor-widget-wrap elementor-element-populated\">\n\t\t\t\t\t\t<div class=\"elementor-element elementor-element-f31cb2c elementor-hidden-desktop elementor-hidden-tablet elementor-hidden-phone elementor-widget elementor-widget-heading\" data-id=\"f31cb2c\" data-element_type=\"widget\" data-e-type=\"widget\" data-widget_type=\"heading.default\">\n\t\t\t\t\t<h2 class=\"elementor-heading-title elementor-size-default\">La capacitaci\u00f3n y formaci\u00f3n, como herramienta transformadora<\/h2>\t\t\t\t<\/div>\n\t\t\t\t\t<\/div>\n\t\t<\/div>\n\t\t\t\t\t<\/div>\n\t\t<\/section>\n\t\t\t\t<section class=\"elementor-section elementor-top-section elementor-element elementor-element-5a7a874 elementor-section-boxed elementor-section-height-default elementor-section-height-default\" data-id=\"5a7a874\" data-element_type=\"section\" data-e-type=\"section\">\n\t\t\t\t\t\t<div class=\"elementor-container elementor-column-gap-default\">\n\t\t\t\t\t<div class=\"elementor-column elementor-col-100 elementor-top-column elementor-element elementor-element-1c04c96\" data-id=\"1c04c96\" data-element_type=\"column\" data-e-type=\"column\">\n\t\t\t<div class=\"elementor-widget-wrap elementor-element-populated\">\n\t\t\t\t\t\t<div class=\"elementor-element elementor-element-97b6860 elementor-widget elementor-widget-spacer\" data-id=\"97b6860\" data-element_type=\"widget\" data-e-type=\"widget\" data-widget_type=\"spacer.default\">\n\t\t\t\t\t\t\t<div class=\"elementor-spacer\">\n\t\t\t<div class=\"elementor-spacer-inner\"><\/div>\n\t\t<\/div>\n\t\t\t\t\t\t<\/div>\n\t\t\t\t<div class=\"elementor-element elementor-element-8076d06 elementor-widget elementor-widget-text-editor\" data-id=\"8076d06\" data-element_type=\"widget\" data-e-type=\"widget\" data-widget_type=\"text-editor.default\">\n\t\t\t\t\t\t\t\t\tLa pandemia de coronavirus indefectiblemente ha provocado una bisagra en nuestra forma de ver la vida. No solo ha evidenciado la importancia del uso y aplicaci\u00f3n de las nuevas tecnolog\u00edas, sino que tambi\u00e9n fue el puntapi\u00e9 para poder ver la necesidad y el impacto que tiene la capacitaci\u00f3n en el uso de estas herramientas digitales para la continuidad del d\u00eda a d\u00eda de las personas, familias, sociedades, empresas y Estados. \t\t\t\t\t\t\t\t<\/div>\n\t\t\t\t<div class=\"elementor-element elementor-element-f857f26 elementor-widget elementor-widget-text-editor\" data-id=\"f857f26\" data-element_type=\"widget\" data-e-type=\"widget\" data-widget_type=\"text-editor.default\">\n\t\t\t\t\t\t\t\t\tLas organizaciones y sus colaboradores, sin dudas fueron las que m\u00e1s transformaciones sufrieron en un abrir y cerrar de ojos. No importaba el calibre de la organizaci\u00f3n, todas se vieron obligadas a adaptarse para sobrevivir a este contexto inesperado. No hay punto de discusi\u00f3n, la adaptaci\u00f3n, la tecnolog\u00eda y la buena gesti\u00f3n de los procesos fue clave en su supervivencia y crecimiento.\t\t\t\t\t\t\t\t<\/div>\n\t\t\t\t<div class=\"elementor-element elementor-element-47725db elementor-widget elementor-widget-text-editor\" data-id=\"47725db\" data-element_type=\"widget\" data-e-type=\"widget\" data-widget_type=\"text-editor.default\">\n\t\t\t\t\t\t\t\t\t<p><strong>\u00bfCu\u00e1l fue la ense\u00f1anza que nos dej\u00f3 esta transformaci\u00f3n r\u00e1pida?: La necesidad de Capacitaci\u00f3n es fundamental para la buena gesti\u00f3n del tiempo de nuestros recursos.<\/strong><\/p>\t\t\t\t\t\t\t\t<\/div>\n\t\t\t\t<div class=\"elementor-element elementor-element-a12bf33 elementor-widget elementor-widget-text-editor\" data-id=\"a12bf33\" data-element_type=\"widget\" data-e-type=\"widget\" data-widget_type=\"text-editor.default\">\n\t\t\t\t\t\t\t\t\tCapacitar a los colaboradores en este tipo de contextos debe ser una prioridad para las Organizaciones, sobre todo en Argentina, ya que seg\u00fan los \u00faltimos art\u00edculos de consultoras Tech contamos con un alto \u00edndice de rotaci\u00f3n de capital humano. Esto es un punto clave, que no debe minimizarse, ya que va a impactar directamente en la rentabilidad, y crecimiento de los negocios, y tambi\u00e9n, de forma indirecta, en el clima laboral de la organizaci\u00f3n. \t\t\t\t\t\t\t\t<\/div>\n\t\t\t\t<div class=\"elementor-element elementor-element-a6b831c elementor-widget elementor-widget-text-editor\" data-id=\"a6b831c\" data-element_type=\"widget\" data-e-type=\"widget\" data-widget_type=\"text-editor.default\">\n\t\t\t\t\t\t\t\t\t<p>Es por esto que la capacitaci\u00f3n como una herramienta de transformaci\u00f3n para los colaboradores, se convierte en un <strong>must have<\/strong> para las organizaciones, entre los cuales podemos destacar los siguientes lineamientos:<\/p>\t\t\t\t\t\t\t\t<\/div>\n\t\t\t\t<div class=\"elementor-element elementor-element-cedbef5 elementor-widget elementor-widget-heading\" data-id=\"cedbef5\" data-element_type=\"widget\" data-e-type=\"widget\" data-widget_type=\"heading.default\">\n\t\t\t\t\t<h3 class=\"elementor-heading-title elementor-size-default\">DISMINUCI\u00d3N DE COSTOS E INCREMENTO DE TALENTOS<\/h3>\t\t\t\t<\/div>\n\t\t\t\t<div class=\"elementor-element elementor-element-6821975 elementor-widget elementor-widget-text-editor\" data-id=\"6821975\" data-element_type=\"widget\" data-e-type=\"widget\" data-widget_type=\"text-editor.default\">\n\t\t\t\t\t\t\t\t\tGenerar, promover y desarrollar en los recursos las habilidades estrat\u00e9gicas y tecnol\u00f3gicas son necesarias para crecer como organizaci\u00f3n.\n\t\t\t\t\t\t\t\t<\/div>\n\t\t\t\t<div class=\"elementor-element elementor-element-e759171 elementor-widget elementor-widget-text-editor\" data-id=\"e759171\" data-element_type=\"widget\" data-e-type=\"widget\" data-widget_type=\"text-editor.default\">\n\t\t\t\t\t\t\t\t\tEl desarrollo de mentor\u00edas de los colaboradores con m\u00e0s experiencia a los nuevos talentos aumenta no solo el \u00edndice de competencias inhouse, sino que tambi\u00e9n, permite mejorar los v\u00ednculos interpersonales, y desarrollar habilidades blandas y t\u00e9cnicas funcionales al puesto a cubrir, que le proporcionar\u00e1n a la organizaci\u00f3n la disminuci\u00f3n de gastos adicionales que llevar\u00e0n a utilizar los mismos en un crecimiento exponencial de la organizaci\u00f3n.\n\t\t\t\t\t\t\t\t<\/div>\n\t\t\t\t<div class=\"elementor-element elementor-element-32c7f6e elementor-widget elementor-widget-heading\" data-id=\"32c7f6e\" data-element_type=\"widget\" data-e-type=\"widget\" data-widget_type=\"heading.default\">\n\t\t\t\t\t<h3 class=\"elementor-heading-title elementor-size-default\">MEJORA EN LA CURVA DE APRENDIZAJE DEL EQUIPO<\/h3>\t\t\t\t<\/div>\n\t\t\t\t<div class=\"elementor-element elementor-element-de71c69 elementor-widget elementor-widget-text-editor\" data-id=\"de71c69\" data-element_type=\"widget\" data-e-type=\"widget\" data-widget_type=\"text-editor.default\">\n\t\t\t\t\t\t\t\t\tTeniendo presente que el aprendizaje y el trabajo en equipo son parte fundamental de una organizaci\u00f3n, es necesario que sus nuevas adquisiciones puedan adaptarse f\u00e1cilmente a los desaf\u00edos que llevan las situaciones actuales como la pandemia, desarrollando competencias de forma f\u00e1cil y r\u00e1pida en su equipo, dado que sin importar el rol ni el \u00e1rea , todos los profesionales tenemos algo que aprender o complementar.\t\t\t\t\t\t\t\t<\/div>\n\t\t\t\t<div class=\"elementor-element elementor-element-dcab887 elementor-widget elementor-widget-text-editor\" data-id=\"dcab887\" data-element_type=\"widget\" data-e-type=\"widget\" data-widget_type=\"text-editor.default\">\n\t\t\t\t\t\t\t\t\tPor esto, contar con el desarrollo de una plataforma de E-Learning interna, ayuda a que se logren los objetivos de forma m\u00e1s eficiente, ya que la posibilidad de tener una biblioteca infinita de conocimiento digitalizado, organizado con una ruta de aprendizaje para la capacitaci\u00f3n del rol y procesos espec\u00edficos, es una forma de garantizar un mejor retorno de inversi\u00f3n.\t\t\t\t\t\t\t\t<\/div>\n\t\t\t\t<div class=\"elementor-element elementor-element-c1eb803 elementor-widget elementor-widget-heading\" data-id=\"c1eb803\" data-element_type=\"widget\" data-e-type=\"widget\" data-widget_type=\"heading.default\">\n\t\t\t\t\t<h3 class=\"elementor-heading-title elementor-size-default\">MOTIVAR Y RETENER LOS TALENTOS DE LA ORGANIZACI\u00d3N COMO PIEZA FUNDAMENTAL<\/h3>\t\t\t\t<\/div>\n\t\t\t\t<div class=\"elementor-element elementor-element-44fae57 elementor-widget elementor-widget-text-editor\" data-id=\"44fae57\" data-element_type=\"widget\" data-e-type=\"widget\" data-widget_type=\"text-editor.default\">\n\t\t\t\t\t\t\t\t\tLa rotaci\u00f3n de personal principalmente en tecnolog\u00eda oscila entre un 15% y un 20% mensual. Seg\u00fan diversos autores, las personas que conforman la generaci\u00f3n Millennial tambi\u00e9n est\u00e1n clasificadas como jumpers debido a que no se arraigan a una organizaci\u00f3n, sino que se encuentran en constante movimiento. Es por esto, que lograr retener y desarrollar el mejor talento debe ser una prioridad que promueva el sentido de pertenencia. \n\t\t\t\t\t\t\t\t<\/div>\n\t\t\t\t<div class=\"elementor-element elementor-element-bb03480 elementor-widget elementor-widget-text-editor\" data-id=\"bb03480\" data-element_type=\"widget\" data-e-type=\"widget\" data-widget_type=\"text-editor.default\">\n\t\t\t\t\t\t\t\t\tPara lograrlo, es fundamental proporcionarles herramientas y posibilidades de formaci\u00f3n profesional que generen un ellos un impacto positivo, tanto en su vida personal y profesional. Incluso varios autores, citan que, a veces no retener el mejor talento hace que las empresas demoren en crecer de un 30% a 50 % menos de lo esperado y esta alta rotaci\u00f3n impacta directamente los \u00edndices de rentabilidad.\t\t\t\t\t\t\t\t<\/div>\n\t\t\t\t<div class=\"elementor-element elementor-element-467b590 elementor-widget elementor-widget-text-editor\" data-id=\"467b590\" data-element_type=\"widget\" data-e-type=\"widget\" data-widget_type=\"text-editor.default\">\n\t\t\t\t\t\t\t\t\tA modo de conclusi\u00f3n, podemos citar que es importante impulsar la capacitaci\u00f3n en las empresas, contando con un plan de formaci\u00f3n alineado a los objetivos estrat\u00e9gicos de la compa\u00f1\u00eda, promoviendo el desarrollo y potencial de los talentos internos.\t\t\t\t\t\t\t\t<\/div>\n\t\t\t\t<div class=\"elementor-element elementor-element-73147cb elementor-widget elementor-widget-text-editor\" data-id=\"73147cb\" data-element_type=\"widget\" data-e-type=\"widget\" data-widget_type=\"text-editor.default\">\n\t\t\t\t\t\t\t\t\tUn talento que cuenta con buenos skills tecnol\u00f3gicos podr\u00e1 moverse mejor en el mercado laboral y contribuir al crecimiento de las compa\u00f1\u00edas, equipos y proyectos con alto rendimiento e impacto. Adem\u00e1s, formar\u00e1 lazos de pertenencia a largo plazo con su empleador, beneficiando su crecimiento y clima laboral.\t\t\t\t\t\t\t\t<\/div>\n\t\t\t\t<div class=\"elementor-element elementor-element-02bf1bf elementor-widget elementor-widget-text-editor\" data-id=\"02bf1bf\" data-element_type=\"widget\" data-e-type=\"widget\" data-widget_type=\"text-editor.default\">\n\t\t\t\t\t\t\t\t\t<p><strong>Fuente:<\/strong> por por Giselle Emma, Consultor\u00eda, Softland Argentina.<\/p>\t\t\t\t\t\t\t\t<\/div>\n\t\t\t\t<div class=\"elementor-element elementor-element-be3f7e6 elementor-widget elementor-widget-spacer\" data-id=\"be3f7e6\" data-element_type=\"widget\" data-e-type=\"widget\" data-widget_type=\"spacer.default\">\n\t\t\t\t\t\t\t<div class=\"elementor-spacer\">\n\t\t\t<div class=\"elementor-spacer-inner\"><\/div>\n\t\t<\/div>\n\t\t\t\t\t\t<\/div>\n\t\t\t\t\t<\/div>\n\t\t<\/div>\n\t\t\t\t\t<\/div>\n\t\t<\/section>\n\t\t\t\t<\/div>\n\t\t","protected":false},"excerpt":{"rendered":"<p>La pandemia de coronavirus indefectiblemente ha provocado una bisagra en nuestra forma de ver la vida. No solo ha evidenciado la importancia del uso y aplicaci\u00f3n de las nuevas tecnolog\u00edas, sino que tambi\u00e9n fue el puntapi\u00e9 para poder ver la necesidad y el impacto que tiene la capacitaci\u00f3n en el uso de&#8230;<\/p>\n","protected":false},"author":1,"featured_media":7792,"comment_status":"closed","ping_status":"open","sticky":false,"template":"","format":"standard","meta":{"footnotes":""},"categories":[2,122],"tags":[52,23],"class_list":["post-7788","post","type-post","status-publish","format-standard","has-post-thumbnail","hentry","category-blog","category-rrhh","tag-capacitacion","tag-sistema-de-gestion-erp"],"aioseo_notices":[],"_links":{"self":[{"href":"https:\/\/softland.com\/ar\/wp-json\/wp\/v2\/posts\/7788","targetHints":{"allow":["GET"]}}],"collection":[{"href":"https:\/\/softland.com\/ar\/wp-json\/wp\/v2\/posts"}],"about":[{"href":"https:\/\/softland.com\/ar\/wp-json\/wp\/v2\/types\/post"}],"author":[{"embeddable":true,"href":"https:\/\/softland.com\/ar\/wp-json\/wp\/v2\/users\/1"}],"replies":[{"embeddable":true,"href":"https:\/\/softland.com\/ar\/wp-json\/wp\/v2\/comments?post=7788"}],"version-history":[{"count":0,"href":"https:\/\/softland.com\/ar\/wp-json\/wp\/v2\/posts\/7788\/revisions"}],"wp:featuredmedia":[{"embeddable":true,"href":"https:\/\/softland.com\/ar\/wp-json\/wp\/v2\/media\/7792"}],"wp:attachment":[{"href":"https:\/\/softland.com\/ar\/wp-json\/wp\/v2\/media?parent=7788"}],"wp:term":[{"taxonomy":"category","embeddable":true,"href":"https:\/\/softland.com\/ar\/wp-json\/wp\/v2\/categories?post=7788"},{"taxonomy":"post_tag","embeddable":true,"href":"https:\/\/softland.com\/ar\/wp-json\/wp\/v2\/tags?post=7788"}],"curies":[{"name":"wp","href":"https:\/\/api.w.org\/{rel}","templated":true}]}}