{"id":7494,"date":"2021-09-27T11:02:38","date_gmt":"2021-09-27T14:02:38","guid":{"rendered":"https:\/\/softland.com\/ar\/?p=7494"},"modified":"2023-01-05T14:33:11","modified_gmt":"2023-01-05T17:33:11","slug":"noticias-erp-conociendo-la-generacion-z","status":"publish","type":"post","link":"https:\/\/softland.com\/ar\/noticias-erp-conociendo-la-generacion-z\/","title":{"rendered":"Conociendo la Generaci\u00f3n Z, su perfil profesional y como consumidor"},"content":{"rendered":"\t\t<div data-elementor-type=\"wp-post\" data-elementor-id=\"7494\" class=\"elementor elementor-7494\" data-elementor-post-type=\"post\">\n\t\t\t\t\t\t<section class=\"elementor-section elementor-top-section elementor-element elementor-element-85788f9 elementor-section-boxed elementor-section-height-default elementor-section-height-default\" data-id=\"85788f9\" data-element_type=\"section\" data-e-type=\"section\">\n\t\t\t\t\t\t<div class=\"elementor-container elementor-column-gap-default\">\n\t\t\t\t\t<div class=\"elementor-column elementor-col-100 elementor-top-column elementor-element elementor-element-0111904\" data-id=\"0111904\" data-element_type=\"column\" data-e-type=\"column\">\n\t\t\t<div class=\"elementor-widget-wrap elementor-element-populated\">\n\t\t\t\t\t\t<div class=\"elementor-element elementor-element-f31cb2c elementor-hidden-desktop elementor-hidden-tablet elementor-hidden-phone elementor-widget elementor-widget-heading\" data-id=\"f31cb2c\" data-element_type=\"widget\" data-e-type=\"widget\" data-widget_type=\"heading.default\">\n\t\t\t\t\t<h1 class=\"elementor-heading-title elementor-size-default\">Conociendo la Generaci\u00f3n Z, su perfil profesional y como consumidor<\/h1>\t\t\t\t<\/div>\n\t\t\t\t\t<\/div>\n\t\t<\/div>\n\t\t\t\t\t<\/div>\n\t\t<\/section>\n\t\t\t\t<section class=\"elementor-section elementor-top-section elementor-element elementor-element-5a7a874 elementor-section-boxed elementor-section-height-default elementor-section-height-default\" data-id=\"5a7a874\" data-element_type=\"section\" data-e-type=\"section\">\n\t\t\t\t\t\t<div class=\"elementor-container elementor-column-gap-default\">\n\t\t\t\t\t<div class=\"elementor-column elementor-col-100 elementor-top-column elementor-element elementor-element-1c04c96\" data-id=\"1c04c96\" data-element_type=\"column\" data-e-type=\"column\">\n\t\t\t<div class=\"elementor-widget-wrap elementor-element-populated\">\n\t\t\t\t\t\t<div class=\"elementor-element elementor-element-97b6860 elementor-widget elementor-widget-spacer\" data-id=\"97b6860\" data-element_type=\"widget\" data-e-type=\"widget\" data-widget_type=\"spacer.default\">\n\t\t\t\t\t\t\t<div class=\"elementor-spacer\">\n\t\t\t<div class=\"elementor-spacer-inner\"><\/div>\n\t\t<\/div>\n\t\t\t\t\t\t<\/div>\n\t\t\t\t<div class=\"elementor-element elementor-element-8076d06 elementor-widget elementor-widget-text-editor\" data-id=\"8076d06\" data-element_type=\"widget\" data-e-type=\"widget\" data-widget_type=\"text-editor.default\">\n\t\t\t\t\t\t\t\t\t<p>Especialistas en Marketing vienen estudiando las distintas generaciones de consumidores a trav\u00e9s del tiempo, y una de ellas es la muy atractiva <strong>generaci\u00f3n Z o centennials.<\/strong> Conforman este grupo aquellos nacidos entre 1994 y 2010.<\/p>\t\t\t\t\t\t\t\t<\/div>\n\t\t\t\t<div class=\"elementor-element elementor-element-f857f26 elementor-widget elementor-widget-text-editor\" data-id=\"f857f26\" data-element_type=\"widget\" data-e-type=\"widget\" data-widget_type=\"text-editor.default\">\n\t\t\t\t\t\t\t\t\tAntes, las generaciones se defin\u00edan a partir de sucesos hist\u00f3ricos o sociales importantes, mientras que hoy est\u00e1n delimitadas por el uso de determinada tecnolog\u00eda.\n\t\t\t\t\t\t\t\t<\/div>\n\t\t\t\t<div class=\"elementor-element elementor-element-47725db elementor-widget elementor-widget-text-editor\" data-id=\"47725db\" data-element_type=\"widget\" data-e-type=\"widget\" data-widget_type=\"text-editor.default\">\n\t\t\t\t\t\t\t\t\t<p>Resulta muy interesante estudiar esta generaci\u00f3n de ni\u00f1os y j\u00f3venes, ya que <strong>tiene marcados comportamientos, h\u00e1bitos, preferencias y valores, muy distintos a los del resto<\/strong>, y que en la actualidad suponen una parte importante de la poblaci\u00f3n mundial. <strong>Para las empresas, comprender todos estos factores resulta clave a la hora de dise\u00f1ar sus estrategias de marketing, tanto para lograr captarlos como nuevos consumidores-clientes; como as\u00ed tambi\u00e9n para incorporarlos al mundo laboral y que formen parte de sus equipos de trabajo.<\/strong><\/p>\t\t\t\t\t\t\t\t<\/div>\n\t\t\t\t<div class=\"elementor-element elementor-element-a12bf33 elementor-widget elementor-widget-text-editor\" data-id=\"a12bf33\" data-element_type=\"widget\" data-e-type=\"widget\" data-widget_type=\"text-editor.default\">\n\t\t\t\t\t\t\t\t\t<p>Algunos especialistas aseguran que esta generaci\u00f3n Z conf\u00eda menos en las marcas, en relaci\u00f3n a generaciones anteriores. Tienen el filtro de \u201cenga\u00f1os\u201d m\u00e1s desarrollado porque crecieron en una era en la que la informaci\u00f3n est\u00e1 disponible en todo momento. <strong>Internet, el gran protagonista de esta historia, hizo que la gente pueda investigar en todo momento qu\u00e9 son las marcas y qu\u00e9 ofrecen, m\u00e1s all\u00e1 de lo que ellas quieran mostrar.<\/strong><\/p>\t\t\t\t\t\t\t\t<\/div>\n\t\t\t\t<div class=\"elementor-element elementor-element-a6b831c elementor-widget elementor-widget-text-editor\" data-id=\"a6b831c\" data-element_type=\"widget\" data-e-type=\"widget\" data-widget_type=\"text-editor.default\">\n\t\t\t\t\t\t\t\t\tDurante d\u00e9cadas, las marcas se comunicaban por medio de avisos, por lo que las corporaciones con los mayores presupuestos pod\u00edan hacer el mayor impacto con carteles, anuncios en revistas, TV y radio. Pero con internet ahora la gente puede investigar c\u00f3mo se comportan las marcas, y compartir su experiencia en cuesti\u00f3n de segundos. Las cr\u00edticas online han hecho f\u00e1cil descubrir productos o servicios de mala calidad. Los consumidores se dan cuenta inmediatamente cu\u00e1ndo una compa\u00f1\u00eda les miente.\n\t\t\t\t\t\t\t\t<\/div>\n\t\t\t\t<div class=\"elementor-element elementor-element-e9ebab7 elementor-widget elementor-widget-text-editor\" data-id=\"e9ebab7\" data-element_type=\"widget\" data-e-type=\"widget\" data-widget_type=\"text-editor.default\">\n\t\t\t\t\t\t\t\t\tEsta generaci\u00f3n investiga todo el d\u00eda en sus tel\u00e9fonos o tablets lo que les intriga, les divierte o lo que tienen que estudiar, y manejan con suma naturalidad las redes sociales y toda la comunicaci\u00f3n por la web. No conciben un mundo sin smartphones, Whatsapp, redes sociales ni Wifi.\n\t\t\t\t\t\t\t\t<\/div>\n\t\t\t\t<div class=\"elementor-element elementor-element-e759171 elementor-widget elementor-widget-text-editor\" data-id=\"e759171\" data-element_type=\"widget\" data-e-type=\"widget\" data-widget_type=\"text-editor.default\">\n\t\t\t\t\t\t\t\t\t<p>Estas son solo algunas de las razones por las que <strong>las empresas y los negocios deben dise\u00f1ar sus estrategias de marketing digital teniendo en cuenta sus caracter\u00edsticas y preferencias<\/strong>. En este sentido, el uso de las redes sociales, el marketing de influencia y los youtubers, son los canales m\u00e1s adecuados para llegar a ellos.<\/p>\t\t\t\t\t\t\t\t<\/div>\n\t\t\t\t<div class=\"elementor-element elementor-element-6cb67e2 elementor-widget elementor-widget-text-editor\" data-id=\"6cb67e2\" data-element_type=\"widget\" data-e-type=\"widget\" data-widget_type=\"text-editor.default\">\n\t\t\t\t\t\t\t\t\t<p>Un informe compartido por <a href=\"http:\/\/www.marketersbyadlatina.com\/articulo\/8011-comprometida-y-globalizada-asi-es-la-generacion-z\" target=\"_blank\" rel=\"nofollow noopener\">Marketers By Adlatina<\/a> sobre un estudio presentado por McCann \u201cLa verdad sobre la generaci\u00f3n Z\u201d, investigaci\u00f3n que cont\u00f3 con la opini\u00f3n de 32.204 personas pertenecientes a 26 distintos mercados del mundo, comparte los siguientes aspectos:<\/p>\t\t\t\t\t\t\t\t<\/div>\n\t\t\t\t<div class=\"elementor-element elementor-element-de71c69 elementor-widget elementor-widget-text-editor\" data-id=\"de71c69\" data-element_type=\"widget\" data-e-type=\"widget\" data-widget_type=\"text-editor.default\">\n\t\t\t\t\t\t\t\t\t<ul><li>Una generaci\u00f3n comprometida con la sociedad: los j\u00f3venes quieren ser recordados como aquellos que cambiaron el planeta de manera positiva. Incluso, el 74% de ellos consideran que cuenta con el poder de influir a las compa\u00f1\u00edas para que realicen mejores pr\u00e1cticas. Asimismo, este grupo se destaca por su apoyo a la diversidad.<\/li><li style=\"font-weight: 400;\" aria-level=\"1\"><span style=\"font-weight: 400;\">El 65% de los \u201cZ\u201d se sienten presionados por estar ocupados todo el tiempo.<\/span><\/li><li style=\"font-weight: 400;\" aria-level=\"1\"><span style=\"font-weight: 400;\">\u00a066% confiesa sentirse solo, incluso, estando rodeado de amigos o familiares. Esto sucede en menor medida en otros sectores: millennials (58%), generaci\u00f3n X (48%) y baby boomers (41%).<\/span><\/li><\/ul>\t\t\t\t\t\t\t\t<\/div>\n\t\t\t\t<div class=\"elementor-element elementor-element-98e1547 elementor-widget elementor-widget-heading\" data-id=\"98e1547\" data-element_type=\"widget\" data-e-type=\"widget\" data-widget_type=\"heading.default\">\n\t\t\t\t\t<h2 class=\"elementor-heading-title elementor-size-default\">Algunas caracter\u00edsticas que los destaca:<\/h2>\t\t\t\t<\/div>\n\t\t\t\t<div class=\"elementor-element elementor-element-a76d76b elementor-widget elementor-widget-text-editor\" data-id=\"a76d76b\" data-element_type=\"widget\" data-e-type=\"widget\" data-widget_type=\"text-editor.default\">\n\t\t\t\t\t\t\t\t\t<ul><li>Son totalmente digitales, independientes y muy pragm\u00e1ticos.<\/li><li>Se muestran muy interesados en contenidos genuinos, las historias contadas a trav\u00e9s del humor, y en trabajos vinculados a la creatividad surgida del mundo digital.<\/li><li>Son emprendedores, autodidactas y creativos.<\/li><li>Parecen predestinados a desarrollar un destino empresario o independientes, dado que se acostumbran desde muy peque\u00f1os a desarrollar proyectos en la web con pocos recursos y que lleguen a grandes audiencias, generando buenos recursos econ\u00f3micos.<\/li><li>Buscan la autonom\u00eda en el entorno laboral, que sean trabajos flexibles que permitan conciliar ideas e intereses. Saben que pasar\u00e1n por muchos trabajos en su vida, y prefieren hacerlo desde sus casas o con mayor tiempo disponible para s\u00ed mismos.<\/li><li>Son cr\u00edticos, lo cuestionan todo. Comunican con gran libertad todas sus ideas y opiniones a trav\u00e9s de las redes sociales.<\/li><li>Creen mucho en sus talentos y son inconformistas, siempre van por m\u00e1s.<\/li><li>Demuestran gran compromiso social por las causas justas, y luchan a favor de ellas. Son defensores del medio ambiente y de los derechos de las mujeres y de las minor\u00edas.<\/li><li>Les gusta la inmediatez. Est\u00e1n acostumbrados a descargas veloces y a mantener multitud de conversaciones a la vez en sus redes sociales.<\/li><li>Su actitud hace que est\u00e9n en constante movimiento, se adapten con facilidad a nuevos entornos y espacios cambiantes, y no se queden estancados.<\/li><\/ul>\t\t\t\t\t\t\t\t<\/div>\n\t\t\t\t<div class=\"elementor-element elementor-element-739000c elementor-widget elementor-widget-text-editor\" data-id=\"739000c\" data-element_type=\"widget\" data-e-type=\"widget\" data-widget_type=\"text-editor.default\">\n\t\t\t\t\t\t\t\t\tEn definitiva, haber nacido en pleno auge tecnol\u00f3gico les permite usar diferentes alternativas de comunicaci\u00f3n; nuevos canales, entornos, ecosistemas y plataformas virtuales para trabajar, acceder a ofertas profesionales novedosas y realizar actividades cotidianas como realizar pedidos, compras y gestionar reservas.\t\t\t\t\t\t\t\t<\/div>\n\t\t\t\t<div class=\"elementor-element elementor-element-4ef6bb5 elementor-widget elementor-widget-text-editor\" data-id=\"4ef6bb5\" data-element_type=\"widget\" data-e-type=\"widget\" data-widget_type=\"text-editor.default\">\n\t\t\t\t\t\t\t\t\t<p><strong>Como pueden ver, conocer y estudiar todos estos aspectos, es de suma importancia para poder llegar a este p\u00fablico y transformarlos en nuevos clientes y\/o empleados.<\/strong> Para esto es clave como empresas e instituciones adaptar nuestros procesos internos y de comunicaci\u00f3n, como as\u00ed tambi\u00e9n la cultura empresarial.<\/p>\t\t\t\t\t\t\t\t<\/div>\n\t\t\t\t<div class=\"elementor-element elementor-element-86aeffc elementor-widget elementor-widget-text-editor\" data-id=\"86aeffc\" data-element_type=\"widget\" data-e-type=\"widget\" data-widget_type=\"text-editor.default\">\n\t\t\t\t\t\t\t\t\t<p><strong>Fuente:<\/strong> Por Lorena Capelli, Coordinadora de Marketing y Comunicaciones, de Softland Argentina.<\/p>\t\t\t\t\t\t\t\t<\/div>\n\t\t\t\t<div class=\"elementor-element elementor-element-be3f7e6 elementor-widget elementor-widget-spacer\" data-id=\"be3f7e6\" data-element_type=\"widget\" data-e-type=\"widget\" data-widget_type=\"spacer.default\">\n\t\t\t\t\t\t\t<div class=\"elementor-spacer\">\n\t\t\t<div class=\"elementor-spacer-inner\"><\/div>\n\t\t<\/div>\n\t\t\t\t\t\t<\/div>\n\t\t\t\t\t<\/div>\n\t\t<\/div>\n\t\t\t\t\t<\/div>\n\t\t<\/section>\n\t\t\t\t<\/div>\n\t\t","protected":false},"excerpt":{"rendered":"<p>Especialistas en Marketing vienen estudiando las distintas generaciones de consumidores a trav\u00e9s del tiempo, y una de ellas es la muy atractiva generaci\u00f3n Z o centennials. Conforman este grupo aquellos nacidos entre 1994 y 2010. Antes, las generaciones se defin\u00edan a partir de sucesos hist\u00f3ricos o sociales importantes&#8230;<\/p>\n","protected":false},"author":1,"featured_media":7496,"comment_status":"closed","ping_status":"open","sticky":false,"template":"","format":"standard","meta":{"footnotes":""},"categories":[2,126],"tags":[119,23,118],"class_list":["post-7494","post","type-post","status-publish","format-standard","has-post-thumbnail","hentry","category-blog","category-tecnologia-y-negocios","tag-generacion-z","tag-sistema-de-gestion-erp","tag-venta-online"],"aioseo_notices":[],"_links":{"self":[{"href":"https:\/\/softland.com\/ar\/wp-json\/wp\/v2\/posts\/7494","targetHints":{"allow":["GET"]}}],"collection":[{"href":"https:\/\/softland.com\/ar\/wp-json\/wp\/v2\/posts"}],"about":[{"href":"https:\/\/softland.com\/ar\/wp-json\/wp\/v2\/types\/post"}],"author":[{"embeddable":true,"href":"https:\/\/softland.com\/ar\/wp-json\/wp\/v2\/users\/1"}],"replies":[{"embeddable":true,"href":"https:\/\/softland.com\/ar\/wp-json\/wp\/v2\/comments?post=7494"}],"version-history":[{"count":0,"href":"https:\/\/softland.com\/ar\/wp-json\/wp\/v2\/posts\/7494\/revisions"}],"wp:featuredmedia":[{"embeddable":true,"href":"https:\/\/softland.com\/ar\/wp-json\/wp\/v2\/media\/7496"}],"wp:attachment":[{"href":"https:\/\/softland.com\/ar\/wp-json\/wp\/v2\/media?parent=7494"}],"wp:term":[{"taxonomy":"category","embeddable":true,"href":"https:\/\/softland.com\/ar\/wp-json\/wp\/v2\/categories?post=7494"},{"taxonomy":"post_tag","embeddable":true,"href":"https:\/\/softland.com\/ar\/wp-json\/wp\/v2\/tags?post=7494"}],"curies":[{"name":"wp","href":"https:\/\/api.w.org\/{rel}","templated":true}]}}