{"id":6420,"date":"2021-06-07T17:03:09","date_gmt":"2021-06-07T20:03:09","guid":{"rendered":"https:\/\/softland.com\/ar\/?p=6420"},"modified":"2023-01-05T14:38:12","modified_gmt":"2023-01-05T17:38:12","slug":"gestion-del-equipo-en-tiempos-de-pandemia","status":"publish","type":"post","link":"https:\/\/softland.com\/ar\/gestion-del-equipo-en-tiempos-de-pandemia\/","title":{"rendered":"Gesti\u00f3n del equipo en tiempos de pandemia"},"content":{"rendered":"\t\t<div data-elementor-type=\"wp-post\" data-elementor-id=\"6420\" class=\"elementor elementor-6420\" data-elementor-post-type=\"post\">\n\t\t\t\t\t\t<section class=\"elementor-section elementor-top-section elementor-element elementor-element-664f619 elementor-section-boxed elementor-section-height-default elementor-section-height-default\" data-id=\"664f619\" data-element_type=\"section\" data-e-type=\"section\">\n\t\t\t\t\t\t<div class=\"elementor-container elementor-column-gap-default\">\n\t\t\t\t\t<div class=\"elementor-column elementor-col-100 elementor-top-column elementor-element elementor-element-9f899ec\" data-id=\"9f899ec\" data-element_type=\"column\" data-e-type=\"column\">\n\t\t\t<div class=\"elementor-widget-wrap elementor-element-populated\">\n\t\t\t\t\t\t<div class=\"elementor-element elementor-element-429d908 elementor-widget elementor-widget-text-editor\" data-id=\"429d908\" data-element_type=\"widget\" data-e-type=\"widget\" data-widget_type=\"text-editor.default\">\n\t\t\t\t\t\t\t\t\tTeletrabajo y home office, son conceptos que ya se conoc\u00edan antes de esta pandemia. En muchas organizaciones, ya se aplicaba alguna de estas modalidades, una o varias veces a la semana, pero con motivo de la pandemia de COVID-19, han cobrado una relevancia may\u00fascula en la vida de muchos trabajadores y empresas.\t\t\t\t\t\t\t\t<\/div>\n\t\t\t\t<div class=\"elementor-element elementor-element-cc3603f elementor-widget elementor-widget-text-editor\" data-id=\"cc3603f\" data-element_type=\"widget\" data-e-type=\"widget\" data-widget_type=\"text-editor.default\">\n\t\t\t\t\t\t\t\t\t<p><strong>Desaf\u00edos<\/strong><\/p>\t\t\t\t\t\t\t\t<\/div>\n\t\t\t\t<div class=\"elementor-element elementor-element-b638ec7 elementor-widget-divider--view-line elementor-widget elementor-widget-divider\" data-id=\"b638ec7\" data-element_type=\"widget\" data-e-type=\"widget\" data-widget_type=\"divider.default\">\n\t\t\t\t\t\t\t<div class=\"elementor-divider\">\n\t\t\t<span class=\"elementor-divider-separator\">\n\t\t\t\t\t\t<\/span>\n\t\t<\/div>\n\t\t\t\t\t\t<\/div>\n\t\t\t\t<section class=\"elementor-section elementor-inner-section elementor-element elementor-element-556801b elementor-hidden-tablet elementor-hidden-phone elementor-section-boxed elementor-section-height-default elementor-section-height-default\" data-id=\"556801b\" data-element_type=\"section\" data-e-type=\"section\">\n\t\t\t\t\t\t<div class=\"elementor-container elementor-column-gap-default\">\n\t\t\t\t\t<div class=\"elementor-column elementor-col-50 elementor-inner-column elementor-element elementor-element-41e8a6b\" data-id=\"41e8a6b\" data-element_type=\"column\" data-e-type=\"column\">\n\t\t\t<div class=\"elementor-widget-wrap elementor-element-populated\">\n\t\t\t\t\t\t<div class=\"elementor-element elementor-element-41bc1b2 elementor-widget elementor-widget-text-editor\" data-id=\"41bc1b2\" data-element_type=\"widget\" data-e-type=\"widget\" data-widget_type=\"text-editor.default\">\n\t\t\t\t\t\t\t\t\tHoy en d\u00eda nos encontramos frente al desaf\u00edo de realizar el trabajo diario sin reuniones presenciales, ni contacto f\u00edsico entre los miembros del equipo.\t\t\t\t\t\t\t\t<\/div>\n\t\t\t\t<div class=\"elementor-element elementor-element-14c592d elementor-widget elementor-widget-text-editor\" data-id=\"14c592d\" data-element_type=\"widget\" data-e-type=\"widget\" data-widget_type=\"text-editor.default\">\n\t\t\t\t\t\t\t\t\tEn esta \u00e9poca de crisis y desconcierto, las empresas deben fomentar el sentimiento de pertenencia de los empleados, mostrarles que los necesita para seguir adelante y que son partes fundamentales del \u00e9xito de \u00e9stas, que sepan que no son solo empleados, sino mucho m\u00e1s. \n\t\t\t\t\t\t\t\t<\/div>\n\t\t\t\t\t<\/div>\n\t\t<\/div>\n\t\t\t\t<div class=\"elementor-column elementor-col-50 elementor-inner-column elementor-element elementor-element-0df7b03\" data-id=\"0df7b03\" data-element_type=\"column\" data-e-type=\"column\">\n\t\t\t<div class=\"elementor-widget-wrap elementor-element-populated\">\n\t\t\t\t\t\t<div class=\"elementor-element elementor-element-8403cfd elementor-widget elementor-widget-image\" data-id=\"8403cfd\" data-element_type=\"widget\" data-e-type=\"widget\" data-widget_type=\"image.default\">\n\t\t\t\t\t\t\t\t\t\t\t\t\t\t\t<img fetchpriority=\"high\" decoding=\"async\" width=\"800\" height=\"533\" src=\"https:\/\/softland.com\/ar\/wp-content\/uploads\/2021\/06\/trabajo-en-tiempos-pandemia-2.jpg\" class=\"attachment-large size-large wp-image-6424\" alt=\"\" srcset=\"https:\/\/softland.com\/ar\/wp-content\/uploads\/2021\/06\/trabajo-en-tiempos-pandemia-2.jpg 800w, https:\/\/softland.com\/ar\/wp-content\/uploads\/2021\/06\/trabajo-en-tiempos-pandemia-2-300x200.jpg 300w, https:\/\/softland.com\/ar\/wp-content\/uploads\/2021\/06\/trabajo-en-tiempos-pandemia-2-768x512.jpg 768w\" sizes=\"(max-width: 800px) 100vw, 800px\" \/>\t\t\t\t\t\t\t\t\t\t\t\t\t\t\t<\/div>\n\t\t\t\t\t<\/div>\n\t\t<\/div>\n\t\t\t\t\t<\/div>\n\t\t<\/section>\n\t\t\t\t<div class=\"elementor-element elementor-element-d01108b elementor-hidden-desktop elementor-widget elementor-widget-text-editor\" data-id=\"d01108b\" data-element_type=\"widget\" data-e-type=\"widget\" data-widget_type=\"text-editor.default\">\n\t\t\t\t\t\t\t\t\tHoy en d\u00eda nos encontramos frente al desaf\u00edo de realizar el trabajo diario sin reuniones presenciales, ni contacto f\u00edsico entre los miembros del equipo.\t\t\t\t\t\t\t\t<\/div>\n\t\t\t\t<div class=\"elementor-element elementor-element-77a2fe4 elementor-hidden-desktop elementor-widget elementor-widget-text-editor\" data-id=\"77a2fe4\" data-element_type=\"widget\" data-e-type=\"widget\" data-widget_type=\"text-editor.default\">\n\t\t\t\t\t\t\t\t\tEn esta \u00e9poca de crisis y desconcierto, las empresas deben fomentar el sentimiento de pertenencia de los empleados, mostrarles que los necesita para seguir adelante y que son partes fundamentales del \u00e9xito de \u00e9stas, que sepan que no son solo empleados, sino mucho m\u00e1s. \n\t\t\t\t\t\t\t\t<\/div>\n\t\t\t\t<div class=\"elementor-element elementor-element-d21428c elementor-widget elementor-widget-text-editor\" data-id=\"d21428c\" data-element_type=\"widget\" data-e-type=\"widget\" data-widget_type=\"text-editor.default\">\n\t\t\t\t\t\t\t\t\tEste acercamiento entre la empresa y el empleado redundar\u00e1 en compromiso y fortalecimiento de las relaciones entre los miembros del equipo.\n\t\t\t\t\t\t\t\t<\/div>\n\t\t\t\t<div class=\"elementor-element elementor-element-02851d6 elementor-widget elementor-widget-text-editor\" data-id=\"02851d6\" data-element_type=\"widget\" data-e-type=\"widget\" data-widget_type=\"text-editor.default\">\n\t\t\t\t\t\t\t\t\tEl desaf\u00edo que se nos presenta como l\u00edderes de un equipo de trabajo, es mantener la motivaci\u00f3n y confianza de sus integrantes.\t\t\t\t\t\t\t\t<\/div>\n\t\t\t\t<div class=\"elementor-element elementor-element-76708e8 elementor-widget elementor-widget-text-editor\" data-id=\"76708e8\" data-element_type=\"widget\" data-e-type=\"widget\" data-widget_type=\"text-editor.default\">\n\t\t\t\t\t\t\t\t\t<p><strong>Algunas consideraciones<\/strong><\/p>\t\t\t\t\t\t\t\t<\/div>\n\t\t\t\t<div class=\"elementor-element elementor-element-d3cceb8 elementor-widget-divider--view-line elementor-widget elementor-widget-divider\" data-id=\"d3cceb8\" data-element_type=\"widget\" data-e-type=\"widget\" data-widget_type=\"divider.default\">\n\t\t\t\t\t\t\t<div class=\"elementor-divider\">\n\t\t\t<span class=\"elementor-divider-separator\">\n\t\t\t\t\t\t<\/span>\n\t\t<\/div>\n\t\t\t\t\t\t<\/div>\n\t\t\t\t<div class=\"elementor-element elementor-element-fc2df4c elementor-widget elementor-widget-text-editor\" data-id=\"fc2df4c\" data-element_type=\"widget\" data-e-type=\"widget\" data-widget_type=\"text-editor.default\">\n\t\t\t\t\t\t\t\t\tUna buena comunicaci\u00f3n es clave para mantener el aspecto emocional y productivo de los trabajadores.\n\t\t\t\t\t\t\t\t<\/div>\n\t\t\t\t<div class=\"elementor-element elementor-element-2c11b85 elementor-widget elementor-widget-text-editor\" data-id=\"2c11b85\" data-element_type=\"widget\" data-e-type=\"widget\" data-widget_type=\"text-editor.default\">\n\t\t\t\t\t\t\t\t\tEl l\u00edder del equipo debe mantener un di\u00e1logo fluido con los integrantes de \u00e9ste, llevar credibilidad, confianza, con objetivos claros. Debe estar m\u00e1s cerca de las situaciones por las que atraviesan sus miembros, empatizar con ellos, no debe permitirse perder la calma o caer en la negatividad.\t\t\t\t\t\t\t\t<\/div>\n\t\t\t\t<div class=\"elementor-element elementor-element-732d429 elementor-widget elementor-widget-text-editor\" data-id=\"732d429\" data-element_type=\"widget\" data-e-type=\"widget\" data-widget_type=\"text-editor.default\">\n\t\t\t\t\t\t\t\t\tPor otra parte, los miembros del equipo deben comprender que el l\u00edder se encuentra en el mismo concepto de incertidumbre con respecto a esta situaci\u00f3n nunca experimentada.\t\t\t\t\t\t\t\t<\/div>\n\t\t\t\t<div class=\"elementor-element elementor-element-f4c66f9 elementor-widget elementor-widget-text-editor\" data-id=\"f4c66f9\" data-element_type=\"widget\" data-e-type=\"widget\" data-widget_type=\"text-editor.default\">\n\t\t\t\t\t\t\t\t\tEs importante poder escuchar los problemas particulares de cada colaborador, y entablar con ellos un di\u00e1logo m\u00e1s all\u00e1 de los temas laborales, para que se sientan acompa\u00f1ados y no experimenten una p\u00e9rdida de identidad con la empresa.\n\t\t\t\t\t\t\t\t<\/div>\n\t\t\t\t<div class=\"elementor-element elementor-element-4b9b082 elementor-widget elementor-widget-text-editor\" data-id=\"4b9b082\" data-element_type=\"widget\" data-e-type=\"widget\" data-widget_type=\"text-editor.default\">\n\t\t\t\t\t\t\t\t\tLa comunicaci\u00f3n debe ser abierta, desestructurada, promoviendo la transversalidad y fluidez, apuntando a un ambiente de trabajo colaborativo. \n\t\t\t\t\t\t\t\t<\/div>\n\t\t\t\t<div class=\"elementor-element elementor-element-0a52b32 elementor-widget elementor-widget-text-editor\" data-id=\"0a52b32\" data-element_type=\"widget\" data-e-type=\"widget\" data-widget_type=\"text-editor.default\">\n\t\t\t\t\t\t\t\t\tEs recomendable mantener reuniones diarias de corta duraci\u00f3n, de preferencia y en la medida de lo posible, que sean videollamadas (esto har\u00e1 que nos sintamos m\u00e1s cerca y funcionemos mejor como equipo). Estas reuniones, nos permitir\u00e1n resolver o encaminar soluciones a los temas diarios y\/o de la semana. \n\t\t\t\t\t\t\t\t<\/div>\n\t\t\t\t<div class=\"elementor-element elementor-element-01597f9 elementor-widget elementor-widget-text-editor\" data-id=\"01597f9\" data-element_type=\"widget\" data-e-type=\"widget\" data-widget_type=\"text-editor.default\">\n\t\t\t\t\t\t\t\t\tSin enfocarnos en una tem\u00e1tica en particular, permit\u00e1monos hablar tambi\u00e9n de temas diversos y no necesariamente apuntados exclusivamente a lo laboral.\t\t\t\t\t\t\t\t<\/div>\n\t\t\t\t<div class=\"elementor-element elementor-element-b5a4f20 elementor-widget elementor-widget-text-editor\" data-id=\"b5a4f20\" data-element_type=\"widget\" data-e-type=\"widget\" data-widget_type=\"text-editor.default\">\n\t\t\t\t\t\t\t\t\t<p><strong>El hogar es la oficina<\/strong><\/p>\t\t\t\t\t\t\t\t<\/div>\n\t\t\t\t<div class=\"elementor-element elementor-element-5e30282 elementor-widget-divider--view-line elementor-widget elementor-widget-divider\" data-id=\"5e30282\" data-element_type=\"widget\" data-e-type=\"widget\" data-widget_type=\"divider.default\">\n\t\t\t\t\t\t\t<div class=\"elementor-divider\">\n\t\t\t<span class=\"elementor-divider-separator\">\n\t\t\t\t\t\t<\/span>\n\t\t<\/div>\n\t\t\t\t\t\t<\/div>\n\t\t\t\t<section class=\"elementor-section elementor-inner-section elementor-element elementor-element-9a862c2 elementor-hidden-tablet elementor-hidden-phone elementor-section-boxed elementor-section-height-default elementor-section-height-default\" data-id=\"9a862c2\" data-element_type=\"section\" data-e-type=\"section\">\n\t\t\t\t\t\t<div class=\"elementor-container elementor-column-gap-default\">\n\t\t\t\t\t<div class=\"elementor-column elementor-col-50 elementor-inner-column elementor-element elementor-element-66be84b\" data-id=\"66be84b\" data-element_type=\"column\" data-e-type=\"column\">\n\t\t\t<div class=\"elementor-widget-wrap elementor-element-populated\">\n\t\t\t\t\t\t<div class=\"elementor-element elementor-element-8d140d4 elementor-widget elementor-widget-text-editor\" data-id=\"8d140d4\" data-element_type=\"widget\" data-e-type=\"widget\" data-widget_type=\"text-editor.default\">\n\t\t\t\t\t\t\t\t\tEn estos momentos, es clave prestar atenci\u00f3n al bienestar, no solo f\u00edsico sino emocional del equipo. \n\t\t\t\t\t\t\t\t<\/div>\n\t\t\t\t<div class=\"elementor-element elementor-element-550713a elementor-widget elementor-widget-text-editor\" data-id=\"550713a\" data-element_type=\"widget\" data-e-type=\"widget\" data-widget_type=\"text-editor.default\">\n\t\t\t\t\t\t\t\t\tCada hogar vive situaciones muy diferentes, encontr\u00e1ndonos con trabajadores que pasaron de tener una vida social activa en la oficina, a estar solos en la casa, generando situaciones de depresi\u00f3n, estr\u00e9s, u otros trastornos.\t\t\t\t\t\t\t\t<\/div>\n\t\t\t\t<div class=\"elementor-element elementor-element-480a05a elementor-widget elementor-widget-text-editor\" data-id=\"480a05a\" data-element_type=\"widget\" data-e-type=\"widget\" data-widget_type=\"text-editor.default\">\n\t\t\t\t\t\t\t\t\tDebemos estar m\u00e1s cerca que nunca del equipo para conocer sus necesidades y poder guiarlos y asesorarlos de forma personalizada.\t\t\t\t\t\t\t\t<\/div>\n\t\t\t\t\t<\/div>\n\t\t<\/div>\n\t\t\t\t<div class=\"elementor-column elementor-col-50 elementor-inner-column elementor-element elementor-element-577c37e\" data-id=\"577c37e\" data-element_type=\"column\" data-e-type=\"column\">\n\t\t\t<div class=\"elementor-widget-wrap elementor-element-populated\">\n\t\t\t\t\t\t<div class=\"elementor-element elementor-element-a31e16c elementor-widget elementor-widget-image\" data-id=\"a31e16c\" data-element_type=\"widget\" data-e-type=\"widget\" data-widget_type=\"image.default\">\n\t\t\t\t\t\t\t\t\t\t\t\t\t\t\t<img decoding=\"async\" width=\"800\" height=\"533\" src=\"https:\/\/softland.com\/ar\/wp-content\/uploads\/2021\/06\/trabajo-en-tiempos-pandemia.jpg\" class=\"attachment-large size-large wp-image-6422\" alt=\"\" srcset=\"https:\/\/softland.com\/ar\/wp-content\/uploads\/2021\/06\/trabajo-en-tiempos-pandemia.jpg 800w, https:\/\/softland.com\/ar\/wp-content\/uploads\/2021\/06\/trabajo-en-tiempos-pandemia-300x200.jpg 300w, https:\/\/softland.com\/ar\/wp-content\/uploads\/2021\/06\/trabajo-en-tiempos-pandemia-768x512.jpg 768w\" sizes=\"(max-width: 800px) 100vw, 800px\" \/>\t\t\t\t\t\t\t\t\t\t\t\t\t\t\t<\/div>\n\t\t\t\t\t<\/div>\n\t\t<\/div>\n\t\t\t\t\t<\/div>\n\t\t<\/section>\n\t\t\t\t<div class=\"elementor-element elementor-element-0f8551b elementor-hidden-desktop elementor-widget elementor-widget-text-editor\" data-id=\"0f8551b\" data-element_type=\"widget\" data-e-type=\"widget\" data-widget_type=\"text-editor.default\">\n\t\t\t\t\t\t\t\t\tEn estos momentos, es clave prestar atenci\u00f3n al bienestar, no solo f\u00edsico sino emocional del equipo. \n\t\t\t\t\t\t\t\t<\/div>\n\t\t\t\t<div class=\"elementor-element elementor-element-f153792 elementor-hidden-desktop elementor-widget elementor-widget-text-editor\" data-id=\"f153792\" data-element_type=\"widget\" data-e-type=\"widget\" data-widget_type=\"text-editor.default\">\n\t\t\t\t\t\t\t\t\tCada hogar vive situaciones muy diferentes, encontr\u00e1ndonos con trabajadores que pasaron de tener una vida social activa en la oficina, a estar solos en la casa, generando situaciones de depresi\u00f3n, estr\u00e9s, u otros trastornos.\t\t\t\t\t\t\t\t<\/div>\n\t\t\t\t<div class=\"elementor-element elementor-element-d9d4d3b elementor-hidden-desktop elementor-widget elementor-widget-text-editor\" data-id=\"d9d4d3b\" data-element_type=\"widget\" data-e-type=\"widget\" data-widget_type=\"text-editor.default\">\n\t\t\t\t\t\t\t\t\tDebemos estar m\u00e1s cerca que nunca del equipo para conocer sus necesidades y poder guiarlos y asesorarlos de forma personalizada.\t\t\t\t\t\t\t\t<\/div>\n\t\t\t\t<div class=\"elementor-element elementor-element-2c9c017 elementor-widget elementor-widget-text-editor\" data-id=\"2c9c017\" data-element_type=\"widget\" data-e-type=\"widget\" data-widget_type=\"text-editor.default\">\n\t\t\t\t\t\t\t\t\tNuestros hogares se han convertido en oficinas y en muchos casos aulas, donde se fusionan la vida profesional con la personal, y el cuidado de personas que dependen de nosotros. Por ello debemos ser flexibles en los horarios, siendo emp\u00e1tico con cada situaci\u00f3n en particular, y saber cu\u00e1ndo desconectar.\n\t\t\t\t\t\t\t\t<\/div>\n\t\t\t\t<div class=\"elementor-element elementor-element-5ddc979 elementor-widget elementor-widget-text-editor\" data-id=\"5ddc979\" data-element_type=\"widget\" data-e-type=\"widget\" data-widget_type=\"text-editor.default\">\n\t\t\t\t\t\t\t\t\t<p><strong>Sepamos desconectar<\/strong><\/p>\t\t\t\t\t\t\t\t<\/div>\n\t\t\t\t<div class=\"elementor-element elementor-element-9b43968 elementor-widget-divider--view-line elementor-widget elementor-widget-divider\" data-id=\"9b43968\" data-element_type=\"widget\" data-e-type=\"widget\" data-widget_type=\"divider.default\">\n\t\t\t\t\t\t\t<div class=\"elementor-divider\">\n\t\t\t<span class=\"elementor-divider-separator\">\n\t\t\t\t\t\t<\/span>\n\t\t<\/div>\n\t\t\t\t\t\t<\/div>\n\t\t\t\t<div class=\"elementor-element elementor-element-43dda85 elementor-widget elementor-widget-text-editor\" data-id=\"43dda85\" data-element_type=\"widget\" data-e-type=\"widget\" data-widget_type=\"text-editor.default\">\n\t\t\t\t\t\t\t\t\tTerminada nuestra jornada laboral, tratemos de desconectarnos de todo tipo de aparatos electr\u00f3nicos como la computadora, tel\u00e9fonos, tablets y TV. Utilicemos este tiempo para leer un libro, distraernos con la pr\u00e1ctica de alg\u00fan ejercicio f\u00edsico, salgamos a caminar, cocinemos, juguemos cartas, practiquemos alguna afici\u00f3n, o simplemente descansemos; esto har\u00e1, que tengamos un mejor rendimiento, menor cansancio visual y podamos realmente desconectar.\n\t\t\t\t\t\t\t\t<\/div>\n\t\t\t\t<div class=\"elementor-element elementor-element-e75ddee elementor-widget elementor-widget-text-editor\" data-id=\"e75ddee\" data-element_type=\"widget\" data-e-type=\"widget\" data-widget_type=\"text-editor.default\">\n\t\t\t\t\t\t\t\t\t<p><strong>Conclusi\u00f3n<\/strong><\/p>\t\t\t\t\t\t\t\t<\/div>\n\t\t\t\t<div class=\"elementor-element elementor-element-05fba15 elementor-widget-divider--view-line elementor-widget elementor-widget-divider\" data-id=\"05fba15\" data-element_type=\"widget\" data-e-type=\"widget\" data-widget_type=\"divider.default\">\n\t\t\t\t\t\t\t<div class=\"elementor-divider\">\n\t\t\t<span class=\"elementor-divider-separator\">\n\t\t\t\t\t\t<\/span>\n\t\t<\/div>\n\t\t\t\t\t\t<\/div>\n\t\t\t\t<div class=\"elementor-element elementor-element-3c6a6f5 elementor-widget elementor-widget-text-editor\" data-id=\"3c6a6f5\" data-element_type=\"widget\" data-e-type=\"widget\" data-widget_type=\"text-editor.default\">\n\t\t\t\t\t\t\t\t\tLa sensaci\u00f3n de p\u00e9rdida de control del equipo es algo com\u00fan al tener que gestionar a distancia. El equilibrio entre el control y la presi\u00f3n es algo en lo que necesitamos esmerarnos. \t\t\t\t\t\t\t\t<\/div>\n\t\t\t\t<div class=\"elementor-element elementor-element-4f5c53a elementor-widget elementor-widget-text-editor\" data-id=\"4f5c53a\" data-element_type=\"widget\" data-e-type=\"widget\" data-widget_type=\"text-editor.default\">\n\t\t\t\t\t\t\t\t\tDebemos ser capaces de construir un espacio de confianza, d\u00e1ndole a nuestro equipo la autonom\u00eda necesaria para desarrollar su trabajo, de lo contrario estar\u00edamos incurriendo en un control excesivo que nos llevar\u00eda indefectiblemente a una baja de rendimiento y p\u00e9rdida de compromiso.\t\t\t\t\t\t\t\t<\/div>\n\t\t\t\t<div class=\"elementor-element elementor-element-03e6273 elementor-widget elementor-widget-text-editor\" data-id=\"03e6273\" data-element_type=\"widget\" data-e-type=\"widget\" data-widget_type=\"text-editor.default\">\n\t\t\t\t\t\t\t\t\t<p><b>Autor:<\/b><span style=\"font-weight: 400;\"> Por Juan Carlos Salom\u00f3n, Gerente de Desarrollo Softland Argentina <\/span><\/p>\t\t\t\t\t\t\t\t<\/div>\n\t\t\t\t<div class=\"elementor-element elementor-element-f9384d5 elementor-widget elementor-widget-spacer\" data-id=\"f9384d5\" data-element_type=\"widget\" data-e-type=\"widget\" data-widget_type=\"spacer.default\">\n\t\t\t\t\t\t\t<div class=\"elementor-spacer\">\n\t\t\t<div class=\"elementor-spacer-inner\"><\/div>\n\t\t<\/div>\n\t\t\t\t\t\t<\/div>\n\t\t\t\t\t<\/div>\n\t\t<\/div>\n\t\t\t\t\t<\/div>\n\t\t<\/section>\n\t\t\t\t<\/div>\n\t\t","protected":false},"excerpt":{"rendered":"<p>Teletrabajo y home office, son conceptos que ya se conoc\u00edan antes de esta pandemia. En muchas organizaciones, ya se aplicaba alguna de estas modalidades, una o varias veces a la semana, pero con motivo de la pandemia de COVID-19, han cobrado una relevancia may\u00fascula en la vida de muchos trabajadores y empresas.<\/p>\n","protected":false},"author":1,"featured_media":6426,"comment_status":"closed","ping_status":"open","sticky":false,"template":"","format":"standard","meta":{"footnotes":""},"categories":[2,122],"tags":[44,23,42,68],"class_list":["post-6420","post","type-post","status-publish","format-standard","has-post-thumbnail","hentry","category-blog","category-rrhh","tag-pandemia","tag-sistema-de-gestion-erp","tag-software-de-gestion-erp","tag-software-de-gestion-para-empresas"],"aioseo_notices":[],"_links":{"self":[{"href":"https:\/\/softland.com\/ar\/wp-json\/wp\/v2\/posts\/6420","targetHints":{"allow":["GET"]}}],"collection":[{"href":"https:\/\/softland.com\/ar\/wp-json\/wp\/v2\/posts"}],"about":[{"href":"https:\/\/softland.com\/ar\/wp-json\/wp\/v2\/types\/post"}],"author":[{"embeddable":true,"href":"https:\/\/softland.com\/ar\/wp-json\/wp\/v2\/users\/1"}],"replies":[{"embeddable":true,"href":"https:\/\/softland.com\/ar\/wp-json\/wp\/v2\/comments?post=6420"}],"version-history":[{"count":0,"href":"https:\/\/softland.com\/ar\/wp-json\/wp\/v2\/posts\/6420\/revisions"}],"wp:featuredmedia":[{"embeddable":true,"href":"https:\/\/softland.com\/ar\/wp-json\/wp\/v2\/media\/6426"}],"wp:attachment":[{"href":"https:\/\/softland.com\/ar\/wp-json\/wp\/v2\/media?parent=6420"}],"wp:term":[{"taxonomy":"category","embeddable":true,"href":"https:\/\/softland.com\/ar\/wp-json\/wp\/v2\/categories?post=6420"},{"taxonomy":"post_tag","embeddable":true,"href":"https:\/\/softland.com\/ar\/wp-json\/wp\/v2\/tags?post=6420"}],"curies":[{"name":"wp","href":"https:\/\/api.w.org\/{rel}","templated":true}]}}