{"id":6227,"date":"2021-05-11T13:52:09","date_gmt":"2021-05-11T16:52:09","guid":{"rendered":"https:\/\/softland.com\/ar\/?p=6227"},"modified":"2023-01-05T14:38:18","modified_gmt":"2023-01-05T17:38:18","slug":"que-aprendemos-en-pandemia","status":"publish","type":"post","link":"https:\/\/softland.com\/ar\/que-aprendemos-en-pandemia\/","title":{"rendered":"\u00bfQu\u00e9 aprendemos en pandemia?"},"content":{"rendered":"\t\t<div data-elementor-type=\"wp-post\" data-elementor-id=\"6227\" class=\"elementor elementor-6227\" data-elementor-post-type=\"post\">\n\t\t\t\t\t\t<section class=\"elementor-section elementor-top-section elementor-element elementor-element-664f619 elementor-section-boxed elementor-section-height-default elementor-section-height-default\" data-id=\"664f619\" data-element_type=\"section\" data-e-type=\"section\">\n\t\t\t\t\t\t<div class=\"elementor-container elementor-column-gap-default\">\n\t\t\t\t\t<div class=\"elementor-column elementor-col-100 elementor-top-column elementor-element elementor-element-9f899ec\" data-id=\"9f899ec\" data-element_type=\"column\" data-e-type=\"column\">\n\t\t\t<div class=\"elementor-widget-wrap elementor-element-populated\">\n\t\t\t\t\t\t<div class=\"elementor-element elementor-element-cf03bbc elementor-widget elementor-widget-text-editor\" data-id=\"cf03bbc\" data-element_type=\"widget\" data-e-type=\"widget\" data-widget_type=\"text-editor.default\">\n\t\t\t\t\t\t\t\t\tLa pandemia por el Covid-19 altera la vida humana en todas las dimensiones: personal, familiar, social, econ\u00f3mica, productiva.\t\t\t\t\t\t\t\t<\/div>\n\t\t\t\t<div class=\"elementor-element elementor-element-cc3603f elementor-widget elementor-widget-text-editor\" data-id=\"cc3603f\" data-element_type=\"widget\" data-e-type=\"widget\" data-widget_type=\"text-editor.default\">\n\t\t\t\t\t\t\t\t\tLas empresas y su gente tienen el desaf\u00edo de encarar ciertos cambios y adem\u00e1s ser estrat\u00e9gicos, tanto en lo operativo como en lo relacional interno. Sin lugar a duda, se presentan fuertes modificaciones en el tipo de demanda de los servicios laborales.\t\t\t\t\t\t\t\t<\/div>\n\t\t\t\t<div class=\"elementor-element elementor-element-429d908 elementor-widget elementor-widget-text-editor\" data-id=\"429d908\" data-element_type=\"widget\" data-e-type=\"widget\" data-widget_type=\"text-editor.default\">\n\t\t\t\t\t\t\t\t\tEn la era de la econom\u00eda del conocimiento, es preciso habilitar saberes nuevos. La nueva era va a reclamar un mayor entrenamiento laboral de habilidades tanto conductuales y relacionales, no rutinarias. Los conocimientos duros y espec\u00edficos demandan el ejercicio del pensamiento cr\u00edtico, la pr\u00e1ctica de la empat\u00eda y la flexibilidad.\t\t\t\t\t\t\t\t<\/div>\n\t\t\t\t<div class=\"elementor-element elementor-element-d21428c elementor-widget elementor-widget-text-editor\" data-id=\"d21428c\" data-element_type=\"widget\" data-e-type=\"widget\" data-widget_type=\"text-editor.default\">\n\t\t\t\t\t\t\t\t\tSe plantea la puesta en acci\u00f3n de una organizaci\u00f3n interna e inter relacional donde la comunicaci\u00f3n colaborativa da lugar a la coordinaci\u00f3n de acciones profesionales consensuadas y planificadas, lo que significa trabajar en equipo.\t\t\t\t\t\t\t\t<\/div>\n\t\t\t\t<div class=\"elementor-element elementor-element-02851d6 elementor-widget elementor-widget-text-editor\" data-id=\"02851d6\" data-element_type=\"widget\" data-e-type=\"widget\" data-widget_type=\"text-editor.default\">\n\t\t\t\t\t\t\t\t\tLas habilidades en boga son habilidades blandas, como la comunicaci\u00f3n colaborativa, preguntas efectivas y motivacionales, feedback, empat\u00eda, trabajo compartido, roles din\u00e1micos y autoconocimiento.\t\t\t\t\t\t\t\t<\/div>\n\t\t\t\t<div class=\"elementor-element elementor-element-54085a3 elementor-widget elementor-widget-text-editor\" data-id=\"54085a3\" data-element_type=\"widget\" data-e-type=\"widget\" data-widget_type=\"text-editor.default\">\n\t\t\t\t\t\t\t\t\tLo que no advertimos por irrelevante en el viejo contexto, hoy es relevante en la nueva realidad. Veamos, el trabajo a distancia impide esos encuentros breves y simp\u00e1ticos con los compa\u00f1eros que siempre dan oportunidad a un intercambio, o recibir la espont\u00e1nea ayuda ante una necesidad en el campo laboral. No reparamos en el pasado y todo lo que recibimos por estar cerca, y ahora cu\u00e1nto anhelamos el apretado abrazo en el encuentro. \t\t\t\t\t\t\t\t<\/div>\n\t\t\t\t<div class=\"elementor-element elementor-element-03e6273 elementor-widget elementor-widget-text-editor\" data-id=\"03e6273\" data-element_type=\"widget\" data-e-type=\"widget\" data-widget_type=\"text-editor.default\">\n\t\t\t\t\t\t\t\t\tEntiendo que hay preocupaciones genuinas de muchas personas para pasar de sistemas on premise (instalados en equipos que est\u00e1n en las oficinas) a modelos en la nube. La seguridad inform\u00e1tica y la estabilidad de los servicios de Internet son dos muy v\u00e1lidas y que hay que considerar de forma seria y atender con medidas claras.\n\t\t\t\t\t\t\t\t<\/div>\n\t\t\t\t<div class=\"elementor-element elementor-element-450b147 elementor-widget-divider--view-line elementor-widget elementor-widget-divider\" data-id=\"450b147\" data-element_type=\"widget\" data-e-type=\"widget\" data-widget_type=\"divider.default\">\n\t\t\t\t\t\t\t<div class=\"elementor-divider\">\n\t\t\t<span class=\"elementor-divider-separator\">\n\t\t\t\t\t\t<\/span>\n\t\t<\/div>\n\t\t\t\t\t\t<\/div>\n\t\t\t\t<section class=\"elementor-section elementor-inner-section elementor-element elementor-element-1783d77 elementor-section-boxed elementor-section-height-default elementor-section-height-default\" data-id=\"1783d77\" data-element_type=\"section\" data-e-type=\"section\">\n\t\t\t\t\t\t<div class=\"elementor-container elementor-column-gap-default\">\n\t\t\t\t\t<div class=\"elementor-column elementor-col-50 elementor-inner-column elementor-element elementor-element-fc88c0d\" data-id=\"fc88c0d\" data-element_type=\"column\" data-e-type=\"column\">\n\t\t\t<div class=\"elementor-widget-wrap elementor-element-populated\">\n\t\t\t\t\t\t<div class=\"elementor-element elementor-element-47f6ca2 elementor-widget elementor-widget-text-editor\" data-id=\"47f6ca2\" data-element_type=\"widget\" data-e-type=\"widget\" data-widget_type=\"text-editor.default\">\n\t\t\t\t\t\t\t\t\t<p><strong>Por: Liliana A. Segat<\/strong><\/p><p><span style=\"font-weight: 400;\">Valora la comunicaci\u00f3n como instrumento transformador de la realidad. Favorece el desarrollo personal y profesional mediante programas innovadores acordes a los valores y cultura de la empresa. Provee herramientas para la mejora en la calidad de las relaciones interpersonales y el clima laboral.<\/span><\/p><p><span style=\"font-weight: 400;\">Es Cofundadora y directora de la Consultora en RRHH CaraballoSegat y Cofundadora y directora del Programa Coaching Estudiantil\u00ae. Adem\u00e1s, es licenciada en Psicopedagog\u00eda y Psic\u00f3loga Organizacional.<\/span><\/p>\t\t\t\t\t\t\t\t<\/div>\n\t\t\t\t\t<\/div>\n\t\t<\/div>\n\t\t\t\t<div class=\"elementor-column elementor-col-50 elementor-inner-column elementor-element elementor-element-5891556\" data-id=\"5891556\" data-element_type=\"column\" data-e-type=\"column\">\n\t\t\t<div class=\"elementor-widget-wrap elementor-element-populated\">\n\t\t\t\t\t\t<div class=\"elementor-element elementor-element-b8b53d3 elementor-widget elementor-widget-spacer\" data-id=\"b8b53d3\" data-element_type=\"widget\" data-e-type=\"widget\" data-widget_type=\"spacer.default\">\n\t\t\t\t\t\t\t<div class=\"elementor-spacer\">\n\t\t\t<div class=\"elementor-spacer-inner\"><\/div>\n\t\t<\/div>\n\t\t\t\t\t\t<\/div>\n\t\t\t\t<div class=\"elementor-element elementor-element-f6fd9ff elementor-widget elementor-widget-image\" data-id=\"f6fd9ff\" data-element_type=\"widget\" data-e-type=\"widget\" data-widget_type=\"image.default\">\n\t\t\t\t\t\t\t\t\t\t\t\t\t\t\t<img decoding=\"async\" width=\"194\" height=\"190\" src=\"https:\/\/softland.com\/ar\/wp-content\/uploads\/2021\/05\/foto-liliana.png\" class=\"attachment-large size-large wp-image-6231\" alt=\"\" \/>\t\t\t\t\t\t\t\t\t\t\t\t\t\t\t<\/div>\n\t\t\t\t<div class=\"elementor-element elementor-element-943bcbb elementor-shape-circle elementor-grid-2 e-grid-align-center elementor-widget elementor-widget-social-icons\" data-id=\"943bcbb\" data-element_type=\"widget\" data-e-type=\"widget\" data-widget_type=\"social-icons.default\">\n\t\t\t\t\t\t\t<div class=\"elementor-social-icons-wrapper elementor-grid\" role=\"list\">\n\t\t\t\t\t\t\t<span class=\"elementor-grid-item\" role=\"listitem\">\n\t\t\t\t\t<a class=\"elementor-icon elementor-social-icon elementor-social-icon-instagram elementor-repeater-item-ffa0779\" href=\"https:\/\/www.instagram.com\/lic.segat\/\" target=\"_blank\">\n\t\t\t\t\t\t<span class=\"elementor-screen-only\">Instagram<\/span>\n\t\t\t\t\t\t<i aria-hidden=\"true\" class=\"fab fa-instagram\"><\/i>\t\t\t\t\t<\/a>\n\t\t\t\t<\/span>\n\t\t\t\t\t\t\t<span class=\"elementor-grid-item\" role=\"listitem\">\n\t\t\t\t\t<a class=\"elementor-icon elementor-social-icon elementor-social-icon-linkedin elementor-repeater-item-c9a22e6\" href=\"https:\/\/www.linkedin.com\/in\/liliana-segat-4010501a\/\" target=\"_blank\">\n\t\t\t\t\t\t<span class=\"elementor-screen-only\">Linkedin<\/span>\n\t\t\t\t\t\t<i aria-hidden=\"true\" class=\"fab fa-linkedin\"><\/i>\t\t\t\t\t<\/a>\n\t\t\t\t<\/span>\n\t\t\t\t\t<\/div>\n\t\t\t\t\t\t<\/div>\n\t\t\t\t\t<\/div>\n\t\t<\/div>\n\t\t\t\t\t<\/div>\n\t\t<\/section>\n\t\t\t\t<div class=\"elementor-element elementor-element-f9384d5 elementor-widget elementor-widget-spacer\" data-id=\"f9384d5\" data-element_type=\"widget\" data-e-type=\"widget\" data-widget_type=\"spacer.default\">\n\t\t\t\t\t\t\t<div class=\"elementor-spacer\">\n\t\t\t<div class=\"elementor-spacer-inner\"><\/div>\n\t\t<\/div>\n\t\t\t\t\t\t<\/div>\n\t\t\t\t\t<\/div>\n\t\t<\/div>\n\t\t\t\t\t<\/div>\n\t\t<\/section>\n\t\t\t\t<\/div>\n\t\t","protected":false},"excerpt":{"rendered":"<p>La pandemia por el Covid-19 altera la vida humana en todas las dimensiones: personal, familiar, social, econ\u00f3mica, productiva. Las empresas y su gente tienen el desaf\u00edo de encarar ciertos cambios y adem\u00e1s ser estrat\u00e9gicos, tanto en lo operativo como en lo relacional interno. Sin lugar a duda, se presentan fuertes modificaciones&#8230;<\/p>\n","protected":false},"author":1,"featured_media":6232,"comment_status":"closed","ping_status":"open","sticky":false,"template":"","format":"standard","meta":{"footnotes":""},"categories":[2,126],"tags":[105,44,64,23],"class_list":["post-6227","post","type-post","status-publish","format-standard","has-post-thumbnail","hentry","category-blog","category-tecnologia-y-negocios","tag-coronavirus","tag-pandemia","tag-sistema","tag-sistema-de-gestion-erp"],"aioseo_notices":[],"_links":{"self":[{"href":"https:\/\/softland.com\/ar\/wp-json\/wp\/v2\/posts\/6227","targetHints":{"allow":["GET"]}}],"collection":[{"href":"https:\/\/softland.com\/ar\/wp-json\/wp\/v2\/posts"}],"about":[{"href":"https:\/\/softland.com\/ar\/wp-json\/wp\/v2\/types\/post"}],"author":[{"embeddable":true,"href":"https:\/\/softland.com\/ar\/wp-json\/wp\/v2\/users\/1"}],"replies":[{"embeddable":true,"href":"https:\/\/softland.com\/ar\/wp-json\/wp\/v2\/comments?post=6227"}],"version-history":[{"count":0,"href":"https:\/\/softland.com\/ar\/wp-json\/wp\/v2\/posts\/6227\/revisions"}],"wp:featuredmedia":[{"embeddable":true,"href":"https:\/\/softland.com\/ar\/wp-json\/wp\/v2\/media\/6232"}],"wp:attachment":[{"href":"https:\/\/softland.com\/ar\/wp-json\/wp\/v2\/media?parent=6227"}],"wp:term":[{"taxonomy":"category","embeddable":true,"href":"https:\/\/softland.com\/ar\/wp-json\/wp\/v2\/categories?post=6227"},{"taxonomy":"post_tag","embeddable":true,"href":"https:\/\/softland.com\/ar\/wp-json\/wp\/v2\/tags?post=6227"}],"curies":[{"name":"wp","href":"https:\/\/api.w.org\/{rel}","templated":true}]}}