{"id":3215,"date":"2019-01-11T11:47:46","date_gmt":"2019-01-11T14:47:46","guid":{"rendered":"https:\/\/softland.com\/ar\/?p=3215"},"modified":"2023-01-05T14:41:40","modified_gmt":"2023-01-05T17:41:40","slug":"tu-erp-como-aliado-en-periodos-inflacionarios","status":"publish","type":"post","link":"https:\/\/softland.com\/ar\/tu-erp-como-aliado-en-periodos-inflacionarios\/","title":{"rendered":"Tu ERP como aliado en per\u00edodos inflacionarios"},"content":{"rendered":"\t\t<div data-elementor-type=\"wp-post\" data-elementor-id=\"3215\" class=\"elementor elementor-3215\" data-elementor-post-type=\"post\">\n\t\t\t\t\t\t<section class=\"elementor-section elementor-top-section elementor-element elementor-element-412921b6 elementor-section-boxed elementor-section-height-default elementor-section-height-default\" data-id=\"412921b6\" data-element_type=\"section\" data-e-type=\"section\">\n\t\t\t\t\t\t<div class=\"elementor-container elementor-column-gap-default\">\n\t\t\t\t\t<div class=\"elementor-column elementor-col-100 elementor-top-column elementor-element elementor-element-3ad1d984\" data-id=\"3ad1d984\" data-element_type=\"column\" data-e-type=\"column\">\n\t\t\t<div class=\"elementor-widget-wrap elementor-element-populated\">\n\t\t\t\t\t\t<div class=\"elementor-element elementor-element-59600bff elementor-widget elementor-widget-text-editor\" data-id=\"59600bff\" data-element_type=\"widget\" data-e-type=\"widget\" data-widget_type=\"text-editor.default\">\n\t\t\t\t\t\t\t\t\t<p><strong>El 2018 cerr\u00f3 con la inflaci\u00f3n m\u00e1s alta desde 1991<\/strong><sup>1<\/sup>. \u201cEl principal factor de la aceleraci\u00f3n fue la disparada del d\u00f3lar, que se reflej\u00f3 en la suba del IPC n\u00facleo (6,5%), seguido por el aumento en los precios regulados que trep\u00f3 6,3%\u201d, seg\u00fan explica un informe de Ecolatina. Esta escalada del d\u00f3lar, explica La Naci\u00f3n<sup>2<\/sup>, impacta en los costos de bienes e insumos importados, combustibles, fletes y productos exportables (entre los que se destacan los alimentos). Para comienzos de 2019, las esperanzas est\u00e1n fijadas en la negociaci\u00f3n de las paritarias, cerradas alrededor de 23%, y una desaceleraci\u00f3n de la inflaci\u00f3n.<\/p><p>Es por esto que para los contadores es importante mantener sus cuentas bajo control, con claridad y tomando en cuenta la inflaci\u00f3n que marc\u00f3 el a\u00f1o fiscal. La Federaci\u00f3n Argentina de Consejos Profesionales de Ciencias Econ\u00f3micas (FACPCE)<sup>3<\/sup> envi\u00f3 a finales de 2018 una nota informando que el ajuste por Inflaci\u00f3n debe aplicarse a los estados contables cuyos cierres operen desde el 1 de julio de 2018. Esta decisi\u00f3n surge del an\u00e1lisis de los \u00edndices disponibles, que superan el 100% de tasa acumulada en los tres a\u00f1os anteriores (junto con factores cualitativos planteados en las Secciones 3.1 de la resoluci\u00f3n t\u00e9cnica 17 y 2.6 de la resoluci\u00f3n t\u00e9cnica 41 para la re expresi\u00f3n en moneda homog\u00e9nea de los estados contables). \u201cHabr\u00e1 un empalme entre el IPIM (\u00cdndice de Precios Internos al por Mayor), que era el indexador que ped\u00edan las normas hasta ahora, para que se utilice el IPC (\u00cdndice de Precios al Consumidor) Nacional.\u201d<sup>4<\/sup><\/p><p>Teniendo en cuenta el decreto que proh\u00edbe a los organismos p\u00fablicos de contralor recibir balances indexados, la FACPCE ha negociado con la CNV para que acepte estos balances contables con ajuste por inflaci\u00f3n. Sin embargo, los cierres que operen entre julio y septiembre pueden optar por no realizar la re expresi\u00f3n de los estados contables, teniendo en cuenta<sup>5<\/sup> que deben revelar informaci\u00f3n complementaria a su decisi\u00f3n y realizando el ajuste por inflaci\u00f3n en el siguiente cierre de periodo o ejercicio de forma retroactiva.<\/p><p><strong>Una de las formas m\u00e1s eficientes y \u00e1giles de realizar este ajuste, es contar con un software ERP que tenga la capacidad de llevar adelante este proceso de manera autom\u00e1tica. Softand ofrece soluciones a la medida que hacen m\u00e1s sencillo el c\u00e1lculo por ajuste de todas las empresas e industrias.<\/strong><\/p><p>&#8220;Las Pymes est\u00e1n pasando por un momento bastante complejo dado el escenario econ\u00f3mico en el que estamos, porque la marcha sobre el plano inclinado es dif\u00edcil. El viento de la inflaci\u00f3n que eleva los costos y achica la rentabilidad sigue soplando contra la peque\u00f1a y mediana empresa. La mochila impositiva se torna cada vez m\u00e1s pesada, y los consumidores van perdiendo el aliento por el recorte de su poder adquisitivo&#8221;, se\u00f1ala Gabriela Robredo en Carta Financiera<sup>6<\/sup>. En una coyuntura vol\u00e1til como el 2019, hay un riesgo para la estabilidad y rentabilidad de las Pymes, m\u00e1s que para otras empresas ya establecidas en el sector en el que se desarrollan. Con las herramientas correctas, una Pyme puede ser l\u00edder de sector incluso en un periodo con un cuadro econ\u00f3mico complejo.<\/p><p>Entre las acciones que puede tomar cualquier compa\u00f1\u00eda, y especialmente las Pymes, est\u00e1n la fijaci\u00f3n de precios de venta, compra de maquinarias, capacitaci\u00f3n del personal y la incorporaci\u00f3n de software de gesti\u00f3n que le permita mejorar la rentabilidad del negocio. Con Softland, la digitalizaci\u00f3n y la unificaci\u00f3n de la informaci\u00f3n se pueden condensar en una sola herramienta facilitadora para los l\u00edderes de la empresa. En este contexto inflacionario, la toma acertada de decisiones estrat\u00e9gicas es la diferencia entre una compa\u00f1\u00eda estable y una que afronta un futuro incierto.<\/p><p><strong>Con el ERP de Softland la toma de decisiones es mucho m\u00e1s sencilla,<\/strong> impulsa la compa\u00f1\u00eda a la transformaci\u00f3n digital y presta informaci\u00f3n en tiempo real de c\u00f3mo se ha desarrollado el negocio en un determinado per\u00edodo de tiempo. Esto convierte a Softland en un aliado estrat\u00e9gico a la hora de marcar la diferencia en per\u00edodos inflacionarios y de incertidumbre. \u00a0<\/p><div><sup>1\u00a0<\/sup><span style=\"font-size: 11px;\">https:\/\/www.eleconomista.com.ar\/2018-09-el-2018-cerraria-con-la-inflacion-anual-mas-elevada-desde-1991\/<\/span><\/div><div><sup>2\u00a0<\/sup><span style=\"font-size: 11px;\">https:\/\/www.lanacion.com.ar\/2204914-desbarajuste-de-precios-tras-la-maxidevaluacion-174x130mm<\/span><\/div><div><sup>3\u00a0<\/sup><span style=\"font-size: 11px;\">https:\/\/blog.errepar.com\/2018\/07\/25\/nota-de-la-facpce-ajuste-por-inflacion-a-partir-del-1-7-2018\/<\/span><\/div><div><sup>4\u00a0<\/sup><span style=\"font-size: 11px;\">https:\/\/www.cronista.com\/economiapolitica\/Ajuste-por-inflacion-contadores-lo-usaran-con-balances-cerrados-desde-julio-20181007-0020.html<\/span><\/div><div><sup>5\u00a0<\/sup><span style=\"font-size: 11px;\">https:\/\/blog.errepar.com\/2018\/07\/25\/nota-de-la-facpce-ajuste-por-inflacion-a-partir-del-1-7-2018\/<\/span><\/div><div><sup>6\u00a0<\/sup><span style=\"font-size: 11px;\">http:\/\/www.cartafinanciera.com\/pymes\/los-problemas-de-las-pymes<\/span><\/div>\t\t\t\t\t\t\t\t<\/div>\n\t\t\t\t<div class=\"elementor-element elementor-element-544de20 elementor-widget elementor-widget-spacer\" data-id=\"544de20\" data-element_type=\"widget\" data-e-type=\"widget\" data-widget_type=\"spacer.default\">\n\t\t\t\t\t\t\t<div class=\"elementor-spacer\">\n\t\t\t<div class=\"elementor-spacer-inner\"><\/div>\n\t\t<\/div>\n\t\t\t\t\t\t<\/div>\n\t\t\t\t\t<\/div>\n\t\t<\/div>\n\t\t\t\t\t<\/div>\n\t\t<\/section>\n\t\t\t\t<\/div>\n\t\t","protected":false},"excerpt":{"rendered":"<p>El 2018 cerr\u00f3 con la inflaci\u00f3n m\u00e1s alta desde 19911. \u201cEl principal factor de la aceleraci\u00f3n fue la disparada del d\u00f3lar, que se reflej\u00f3 en la suba del IPC n\u00facleo (6,5%), seguido por el aumento en los precios regulados que trep\u00f3 6,3%\u201d, seg\u00fan explica un informe de Ecolatina. Esta escalada del d\u00f3lar, explica La Naci\u00f3n&#8230;<\/p>\n","protected":false},"author":1,"featured_media":3218,"comment_status":"closed","ping_status":"open","sticky":false,"template":"","format":"standard","meta":{"footnotes":""},"categories":[2,22],"tags":[27,94,30],"class_list":["post-3215","post","type-post","status-publish","format-standard","has-post-thumbnail","hentry","category-blog","category-software-de-gestion-erp","tag-erp","tag-inflacion","tag-sistema-de-gestion"],"aioseo_notices":[],"_links":{"self":[{"href":"https:\/\/softland.com\/ar\/wp-json\/wp\/v2\/posts\/3215","targetHints":{"allow":["GET"]}}],"collection":[{"href":"https:\/\/softland.com\/ar\/wp-json\/wp\/v2\/posts"}],"about":[{"href":"https:\/\/softland.com\/ar\/wp-json\/wp\/v2\/types\/post"}],"author":[{"embeddable":true,"href":"https:\/\/softland.com\/ar\/wp-json\/wp\/v2\/users\/1"}],"replies":[{"embeddable":true,"href":"https:\/\/softland.com\/ar\/wp-json\/wp\/v2\/comments?post=3215"}],"version-history":[{"count":0,"href":"https:\/\/softland.com\/ar\/wp-json\/wp\/v2\/posts\/3215\/revisions"}],"wp:featuredmedia":[{"embeddable":true,"href":"https:\/\/softland.com\/ar\/wp-json\/wp\/v2\/media\/3218"}],"wp:attachment":[{"href":"https:\/\/softland.com\/ar\/wp-json\/wp\/v2\/media?parent=3215"}],"wp:term":[{"taxonomy":"category","embeddable":true,"href":"https:\/\/softland.com\/ar\/wp-json\/wp\/v2\/categories?post=3215"},{"taxonomy":"post_tag","embeddable":true,"href":"https:\/\/softland.com\/ar\/wp-json\/wp\/v2\/tags?post=3215"}],"curies":[{"name":"wp","href":"https:\/\/api.w.org\/{rel}","templated":true}]}}